{"id":23466,"date":"2020-01-10T10:03:22","date_gmt":"2020-01-10T16:03:22","guid":{"rendered":"https:\/\/goldenti.com\/site\/?p=23466"},"modified":"2020-01-10T10:03:25","modified_gmt":"2020-01-10T16:03:25","slug":"el-corte-de-energia-en-las-fab-de-samsung-hace-saltar-las-alarmas-con-la-memoria-ram","status":"publish","type":"post","link":"https:\/\/goldenti.com\/site\/el-corte-de-energia-en-las-fab-de-samsung-hace-saltar-las-alarmas-con-la-memoria-ram\/","title":{"rendered":"EL CORTE DE ENERG\u00cdA EN LAS FAB DE SAMSUNG HACE SALTAR LAS ALARMAS CON LA MEMORIA RAM"},"content":{"rendered":"\n<p>Hace pocos d\u00edas informamos sobre un acontecimiento que, por un lado no nos pilla de sorpresa, pero que por el otro era esperable una reacci\u00f3n del mercado al que afecta. Este mercado y acontecimiento gira en torno a la memoria RAM y al corte de energ\u00eda que sufri\u00f3 Samsung en sus f\u00e1bricas. Ahora ha sido TrendForce mediante un informe selectivo la que arroja luz sobre las repercusiones que va a tener todo esto en el primer trimestre del a\u00f1o.<\/p>\n<p>\u00a0<\/p>\n<p>La incertidumbre ha llegado a los fabricantes de PC y OEMs, donde ya las previsiones eran complicadas para estos y el corte de energ\u00eda que ha afectado (casualmente, como no pod\u00eda ser de otra forma) a Samsung ha hecho saltar las alarmas en un mercado tan complicado como el de la memoria RAM.<\/p>\n<p>\u00a0<\/p>\n<p>La divisi\u00f3n de investigaci\u00f3n de DRAMeXchange, TrendForce, ha emitido un nuevo informe a la vista de estos hechos y como veremos a continuaci\u00f3n, la situaci\u00f3n general es de una inestabilidad bastante selectiva.<\/p>\n<p>\u00a0<\/p>\n<p>Los compradores de memoria aumentan sus compras ante una posible escasez<\/p>\n<p>\u00a0<\/p>\n<p>Cualquier peque\u00f1o detalle puede hacer saltar el mercado de la RAM en la actualidad, la tensi\u00f3n es constante y los problemas de suministro de AMD e Intel no est\u00e1n ayudando a aliviarla. Hasta tal punto hay incertidumbre, que tenemos que hablar de sectores concretos en vez del mercado general.<\/p>\n<p>\u00a0<\/p>\n<p>As\u00ed, TrendForce afirma que la previsi\u00f3n del precio del contrato para el 1T20 en PC DRAM, DRAM m\u00f3vil y DRAM \u00abespecial\u00bb, tras revisar los informes anteriores es de \u00abligeramente a la baja\u00bb a \u00abmayormente estable o ligeramente al alza\u00bb.<\/p>\n<p>\u00a0<\/p>\n<p>El problema para entender esto es que hay que ser espec\u00edficos a la hora de hablar de los sectores, puesto que ahora las tendencias miran cada una para un lado seg\u00fan en donde situemos la mirada. Evidentemente nos vamos a centrar en el mercado de PC DRAM, donde el corte de energ\u00eda que afect\u00f3 a Samsung el 31 de diciembre de 2019 no ha afectado seriamente al lado de la oferta en el mercado.<\/p>\n<p>\u00a0<\/p>\n<p>Los precios subir\u00edan a costa de mantener la producci\u00f3n<\/p>\n<p>\u00a0<\/p>\n<p>Esto tiene un efecto contrario en la demanda, ya que debido al crecimiento limitado en el suministro de DRAM, los compradores est\u00e1n aumentando poco a poco el n\u00famero de pedidos para guardar un mayor inventario. Esto tiene l\u00f3gicamente un efecto directo en el precio, que ha pasado de ser estable con posibilidad de aumento en este trimestre a tener un ligero aumento.<\/p>\n<p>\u00a0<\/p>\n<p>Aunque se prev\u00e9 que el n\u00famero de env\u00edos de port\u00e1tiles y PC en este trimestre sea sensiblemente inferior al de otros a\u00f1os, los OEM est\u00e1n bajo gran presi\u00f3n por el hecho de que los proveedores est\u00e1n limitando y restringiendo la producci\u00f3n de RAM.<\/p>\n<p>\u00a0<\/p>\n<p>Por lo tanto, se est\u00e1n viendo abocados a aumentar los pedidos para poder garantizar el env\u00edo de sus productos y no sufrir escasez. Y es que los informes cifran la reducci\u00f3n de la producci\u00f3n de memoria RAM en un 13% anual.<\/p>\n<p>\u00a0<\/p>\n<p>El corte de energ\u00eda de Samsung ha hecho entrar en cierta alarma al sector, donde los contratos que quedan por firmar para este trimestre podr\u00edan ser de una mayor cuant\u00eda para estos, lo que derivar\u00eda en precios m\u00e1s altos para los usuarios, pero tambi\u00e9n garantizar\u00eda un suministro m\u00ednimo para los fabricantes.<\/p>\n<p>\u00a0<\/p>\n<p>Este hecho estaba previsto para el segundo trimestre, por lo que el adelanto es una mala noticia para los usuarios, ahora falta saber, si no logran mantener el coste, cu\u00e1nto subir\u00e1n los precios y cu\u00e1l ser\u00e1 el impacto para todos.<\/p>\n<p>\u00a0<\/p>\n<p>FUENTE: <a href=\"https:\/\/hardzone.es\/noticias\/componentes\/precio-memoria-ram-1t20\/\">https:\/\/hardzone.es\/noticias\/componentes\/precio-memoria-ram-1t20\/<\/a><\/p>\n","protected":false},"excerpt":{"rendered":"","protected":false},"author":13,"featured_media":23467,"comment_status":"closed","ping_status":"closed","sticky":false,"template":"","format":"standard","meta":{"footnotes":""},"categories":[4],"tags":[],"class_list":["post-23466","post","type-post","status-publish","format-standard","has-post-thumbnail","hentry","category-noticas"],"yoast_head":"<!-- This site is optimized with the Yoast SEO plugin v27.1.1 - https:\/\/yoast.com\/product\/yoast-seo-wordpress\/ -->\n<title>EL CORTE DE ENERG\u00cdA EN LAS FAB DE SAMSUNG HACE SALTAR LAS ALARMAS CON LA MEMORIA RAM -<\/title>\n<meta name=\"robots\" content=\"index, follow, max-snippet:-1, max-image-preview:large, max-video-preview:-1\" \/>\n<link rel=\"canonical\" href=\"https:\/\/goldenti.com\/site\/el-corte-de-energia-en-las-fab-de-samsung-hace-saltar-las-alarmas-con-la-memoria-ram\/\" \/>\n<meta property=\"og:locale\" content=\"es_ES\" \/>\n<meta property=\"og:type\" content=\"article\" \/>\n<meta property=\"og:title\" content=\"EL CORTE DE ENERG\u00cdA EN LAS FAB DE SAMSUNG HACE SALTAR LAS ALARMAS CON LA MEMORIA RAM -\" \/>\n<meta property=\"og:url\" content=\"https:\/\/goldenti.com\/site\/el-corte-de-energia-en-las-fab-de-samsung-hace-saltar-las-alarmas-con-la-memoria-ram\/\" \/>\n<meta property=\"article:published_time\" content=\"2020-01-10T16:03:22+00:00\" \/>\n<meta property=\"article:modified_time\" content=\"2020-01-10T16:03:25+00:00\" \/>\n<meta property=\"og:image\" content=\"https:\/\/goldenti.com\/site\/wp-content\/uploads\/2020\/01\/Captura-2.png\" \/>\n\t<meta property=\"og:image:width\" content=\"842\" \/>\n\t<meta property=\"og:image:height\" content=\"443\" \/>\n\t<meta property=\"og:image:type\" content=\"image\/png\" \/>\n<meta name=\"twitter:card\" content=\"summary_large_image\" \/>\n<meta name=\"twitter:label1\" content=\"Escrito por\" \/>\n\t<meta name=\"twitter:data1\" content=\"\" \/>\n\t<meta name=\"twitter:label2\" content=\"Tiempo de lectura\" \/>\n\t<meta name=\"twitter:data2\" content=\"3 minutos\" \/>\n<script type=\"application\/ld+json\" class=\"yoast-schema-graph\">{\"@context\":\"https:\/\/schema.org\",\"@graph\":[{\"@type\":\"Article\",\"@id\":\"https:\/\/goldenti.com\/site\/el-corte-de-energia-en-las-fab-de-samsung-hace-saltar-las-alarmas-con-la-memoria-ram\/#article\",\"isPartOf\":{\"@id\":\"https:\/\/goldenti.com\/site\/el-corte-de-energia-en-las-fab-de-samsung-hace-saltar-las-alarmas-con-la-memoria-ram\/\"},\"author\":{\"name\":\"\",\"@id\":\"\"},\"headline\":\"EL CORTE DE ENERG\u00cdA EN LAS FAB DE SAMSUNG HACE SALTAR LAS ALARMAS CON LA MEMORIA RAM\",\"datePublished\":\"2020-01-10T16:03:22+00:00\",\"dateModified\":\"2020-01-10T16:03:25+00:00\",\"mainEntityOfPage\":{\"@id\":\"https:\/\/goldenti.com\/site\/el-corte-de-energia-en-las-fab-de-samsung-hace-saltar-las-alarmas-con-la-memoria-ram\/\"},\"wordCount\":653,\"image\":{\"@id\":\"https:\/\/goldenti.com\/site\/el-corte-de-energia-en-las-fab-de-samsung-hace-saltar-las-alarmas-con-la-memoria-ram\/#primaryimage\"},\"thumbnailUrl\":\"https:\/\/goldenti.com\/site\/wp-content\/uploads\/2020\/01\/Captura-2.png\",\"articleSection\":[\"Noticas\"],\"inLanguage\":\"es\"},{\"@type\":\"WebPage\",\"@id\":\"https:\/\/goldenti.com\/site\/el-corte-de-energia-en-las-fab-de-samsung-hace-saltar-las-alarmas-con-la-memoria-ram\/\",\"url\":\"https:\/\/goldenti.com\/site\/el-corte-de-energia-en-las-fab-de-samsung-hace-saltar-las-alarmas-con-la-memoria-ram\/\",\"name\":\"EL CORTE DE ENERG\u00cdA EN LAS FAB DE SAMSUNG HACE SALTAR LAS ALARMAS CON LA MEMORIA RAM -\",\"isPartOf\":{\"@id\":\"https:\/\/goldenti.com\/site\/#website\"},\"primaryImageOfPage\":{\"@id\":\"https:\/\/goldenti.com\/site\/el-corte-de-energia-en-las-fab-de-samsung-hace-saltar-las-alarmas-con-la-memoria-ram\/#primaryimage\"},\"image\":{\"@id\":\"https:\/\/goldenti.com\/site\/el-corte-de-energia-en-las-fab-de-samsung-hace-saltar-las-alarmas-con-la-memoria-ram\/#primaryimage\"},\"thumbnailUrl\":\"https:\/\/goldenti.com\/site\/wp-content\/uploads\/2020\/01\/Captura-2.png\",\"datePublished\":\"2020-01-10T16:03:22+00:00\",\"dateModified\":\"2020-01-10T16:03:25+00:00\",\"author\":{\"@id\":\"\"},\"breadcrumb\":{\"@id\":\"https:\/\/goldenti.com\/site\/el-corte-de-energia-en-las-fab-de-samsung-hace-saltar-las-alarmas-con-la-memoria-ram\/#breadcrumb\"},\"inLanguage\":\"es\",\"potentialAction\":[{\"@type\":\"ReadAction\",\"target\":[\"https:\/\/goldenti.com\/site\/el-corte-de-energia-en-las-fab-de-samsung-hace-saltar-las-alarmas-con-la-memoria-ram\/\"]}]},{\"@type\":\"ImageObject\",\"inLanguage\":\"es\",\"@id\":\"https:\/\/goldenti.com\/site\/el-corte-de-energia-en-las-fab-de-samsung-hace-saltar-las-alarmas-con-la-memoria-ram\/#primaryimage\",\"url\":\"https:\/\/goldenti.com\/site\/wp-content\/uploads\/2020\/01\/Captura-2.png\",\"contentUrl\":\"https:\/\/goldenti.com\/site\/wp-content\/uploads\/2020\/01\/Captura-2.png\",\"width\":842,\"height\":443},{\"@type\":\"BreadcrumbList\",\"@id\":\"https:\/\/goldenti.com\/site\/el-corte-de-energia-en-las-fab-de-samsung-hace-saltar-las-alarmas-con-la-memoria-ram\/#breadcrumb\",\"itemListElement\":[{\"@type\":\"ListItem\",\"position\":1,\"name\":\"Portada\",\"item\":\"https:\/\/goldenti.com\/site\/\"},{\"@type\":\"ListItem\",\"position\":2,\"name\":\"EL CORTE DE ENERG\u00cdA EN LAS FAB DE SAMSUNG HACE SALTAR LAS ALARMAS CON LA MEMORIA RAM\"}]},{\"@type\":\"WebSite\",\"@id\":\"https:\/\/goldenti.com\/site\/#website\",\"url\":\"https:\/\/goldenti.com\/site\/\",\"name\":\"\",\"description\":\"\",\"potentialAction\":[{\"@type\":\"SearchAction\",\"target\":{\"@type\":\"EntryPoint\",\"urlTemplate\":\"https:\/\/goldenti.com\/site\/?s={search_term_string}\"},\"query-input\":{\"@type\":\"PropertyValueSpecification\",\"valueRequired\":true,\"valueName\":\"search_term_string\"}}],\"inLanguage\":\"es\"},{\"@type\":\"Person\",\"@id\":\"\",\"url\":\"https:\/\/goldenti.com\/site\/author\/\"}]}<\/script>\n<!-- \/ Yoast SEO plugin. -->","yoast_head_json":{"title":"EL CORTE DE ENERG\u00cdA EN LAS FAB DE SAMSUNG HACE SALTAR LAS ALARMAS CON LA MEMORIA RAM -","robots":{"index":"index","follow":"follow","max-snippet":"max-snippet:-1","max-image-preview":"max-image-preview:large","max-video-preview":"max-video-preview:-1"},"canonical":"https:\/\/goldenti.com\/site\/el-corte-de-energia-en-las-fab-de-samsung-hace-saltar-las-alarmas-con-la-memoria-ram\/","og_locale":"es_ES","og_type":"article","og_title":"EL CORTE DE ENERG\u00cdA EN LAS FAB DE SAMSUNG HACE SALTAR LAS ALARMAS CON LA MEMORIA RAM -","og_url":"https:\/\/goldenti.com\/site\/el-corte-de-energia-en-las-fab-de-samsung-hace-saltar-las-alarmas-con-la-memoria-ram\/","article_published_time":"2020-01-10T16:03:22+00:00","article_modified_time":"2020-01-10T16:03:25+00:00","og_image":[{"width":842,"height":443,"url":"https:\/\/goldenti.com\/site\/wp-content\/uploads\/2020\/01\/Captura-2.png","type":"image\/png"}],"twitter_card":"summary_large_image","twitter_misc":{"Escrito por":"","Tiempo de lectura":"3 minutos"},"schema":{"@context":"https:\/\/schema.org","@graph":[{"@type":"Article","@id":"https:\/\/goldenti.com\/site\/el-corte-de-energia-en-las-fab-de-samsung-hace-saltar-las-alarmas-con-la-memoria-ram\/#article","isPartOf":{"@id":"https:\/\/goldenti.com\/site\/el-corte-de-energia-en-las-fab-de-samsung-hace-saltar-las-alarmas-con-la-memoria-ram\/"},"author":{"name":"","@id":""},"headline":"EL CORTE DE ENERG\u00cdA EN LAS FAB DE SAMSUNG HACE SALTAR LAS ALARMAS CON LA MEMORIA RAM","datePublished":"2020-01-10T16:03:22+00:00","dateModified":"2020-01-10T16:03:25+00:00","mainEntityOfPage":{"@id":"https:\/\/goldenti.com\/site\/el-corte-de-energia-en-las-fab-de-samsung-hace-saltar-las-alarmas-con-la-memoria-ram\/"},"wordCount":653,"image":{"@id":"https:\/\/goldenti.com\/site\/el-corte-de-energia-en-las-fab-de-samsung-hace-saltar-las-alarmas-con-la-memoria-ram\/#primaryimage"},"thumbnailUrl":"https:\/\/goldenti.com\/site\/wp-content\/uploads\/2020\/01\/Captura-2.png","articleSection":["Noticas"],"inLanguage":"es"},{"@type":"WebPage","@id":"https:\/\/goldenti.com\/site\/el-corte-de-energia-en-las-fab-de-samsung-hace-saltar-las-alarmas-con-la-memoria-ram\/","url":"https:\/\/goldenti.com\/site\/el-corte-de-energia-en-las-fab-de-samsung-hace-saltar-las-alarmas-con-la-memoria-ram\/","name":"EL CORTE DE ENERG\u00cdA EN LAS FAB DE SAMSUNG HACE SALTAR LAS ALARMAS CON LA MEMORIA RAM -","isPartOf":{"@id":"https:\/\/goldenti.com\/site\/#website"},"primaryImageOfPage":{"@id":"https:\/\/goldenti.com\/site\/el-corte-de-energia-en-las-fab-de-samsung-hace-saltar-las-alarmas-con-la-memoria-ram\/#primaryimage"},"image":{"@id":"https:\/\/goldenti.com\/site\/el-corte-de-energia-en-las-fab-de-samsung-hace-saltar-las-alarmas-con-la-memoria-ram\/#primaryimage"},"thumbnailUrl":"https:\/\/goldenti.com\/site\/wp-content\/uploads\/2020\/01\/Captura-2.png","datePublished":"2020-01-10T16:03:22+00:00","dateModified":"2020-01-10T16:03:25+00:00","author":{"@id":""},"breadcrumb":{"@id":"https:\/\/goldenti.com\/site\/el-corte-de-energia-en-las-fab-de-samsung-hace-saltar-las-alarmas-con-la-memoria-ram\/#breadcrumb"},"inLanguage":"es","potentialAction":[{"@type":"ReadAction","target":["https:\/\/goldenti.com\/site\/el-corte-de-energia-en-las-fab-de-samsung-hace-saltar-las-alarmas-con-la-memoria-ram\/"]}]},{"@type":"ImageObject","inLanguage":"es","@id":"https:\/\/goldenti.com\/site\/el-corte-de-energia-en-las-fab-de-samsung-hace-saltar-las-alarmas-con-la-memoria-ram\/#primaryimage","url":"https:\/\/goldenti.com\/site\/wp-content\/uploads\/2020\/01\/Captura-2.png","contentUrl":"https:\/\/goldenti.com\/site\/wp-content\/uploads\/2020\/01\/Captura-2.png","width":842,"height":443},{"@type":"BreadcrumbList","@id":"https:\/\/goldenti.com\/site\/el-corte-de-energia-en-las-fab-de-samsung-hace-saltar-las-alarmas-con-la-memoria-ram\/#breadcrumb","itemListElement":[{"@type":"ListItem","position":1,"name":"Portada","item":"https:\/\/goldenti.com\/site\/"},{"@type":"ListItem","position":2,"name":"EL CORTE DE ENERG\u00cdA EN LAS FAB DE SAMSUNG HACE SALTAR LAS ALARMAS CON LA MEMORIA RAM"}]},{"@type":"WebSite","@id":"https:\/\/goldenti.com\/site\/#website","url":"https:\/\/goldenti.com\/site\/","name":"","description":"","potentialAction":[{"@type":"SearchAction","target":{"@type":"EntryPoint","urlTemplate":"https:\/\/goldenti.com\/site\/?s={search_term_string}"},"query-input":{"@type":"PropertyValueSpecification","valueRequired":true,"valueName":"search_term_string"}}],"inLanguage":"es"},{"@type":"Person","@id":"","url":"https:\/\/goldenti.com\/site\/author\/"}]}},"_links":{"self":[{"href":"https:\/\/goldenti.com\/site\/wp-json\/wp\/v2\/posts\/23466","targetHints":{"allow":["GET"]}}],"collection":[{"href":"https:\/\/goldenti.com\/site\/wp-json\/wp\/v2\/posts"}],"about":[{"href":"https:\/\/goldenti.com\/site\/wp-json\/wp\/v2\/types\/post"}],"author":[{"embeddable":true,"href":"https:\/\/goldenti.com\/site\/wp-json\/wp\/v2\/users\/13"}],"replies":[{"embeddable":true,"href":"https:\/\/goldenti.com\/site\/wp-json\/wp\/v2\/comments?post=23466"}],"version-history":[{"count":1,"href":"https:\/\/goldenti.com\/site\/wp-json\/wp\/v2\/posts\/23466\/revisions"}],"predecessor-version":[{"id":23468,"href":"https:\/\/goldenti.com\/site\/wp-json\/wp\/v2\/posts\/23466\/revisions\/23468"}],"wp:featuredmedia":[{"embeddable":true,"href":"https:\/\/goldenti.com\/site\/wp-json\/wp\/v2\/media\/23467"}],"wp:attachment":[{"href":"https:\/\/goldenti.com\/site\/wp-json\/wp\/v2\/media?parent=23466"}],"wp:term":[{"taxonomy":"category","embeddable":true,"href":"https:\/\/goldenti.com\/site\/wp-json\/wp\/v2\/categories?post=23466"},{"taxonomy":"post_tag","embeddable":true,"href":"https:\/\/goldenti.com\/site\/wp-json\/wp\/v2\/tags?post=23466"}],"curies":[{"name":"wp","href":"https:\/\/api.w.org\/{rel}","templated":true}]}}