{"id":23512,"date":"2020-01-22T09:02:35","date_gmt":"2020-01-22T15:02:35","guid":{"rendered":"https:\/\/goldenti.com\/site\/?p=23512"},"modified":"2020-01-22T09:02:39","modified_gmt":"2020-01-22T15:02:39","slug":"el-precio-de-los-procesadores-intel-bajara-este-ano-para-competir-con-amd","status":"publish","type":"post","link":"https:\/\/goldenti.com\/site\/el-precio-de-los-procesadores-intel-bajara-este-ano-para-competir-con-amd\/","title":{"rendered":"EL PRECIO DE LOS PROCESADORES INTEL BAJAR\u00c1 ESTE A\u00d1O PARA COMPETIR CON AMD"},"content":{"rendered":"\n<p>En el sector en el que nos movemos solo se puede ir en una direcci\u00f3n: hacia delante. Ni siquiera se permite estacionarse por un breve periodo de tiempo, puesto que la competencia te pasa por encima. Esto precisamente es lo que le est\u00e1 pasando a Intel, donde de momento no est\u00e1 compitiendo bien contra AMD, pero los azules piensan contraatacar mediante la \u00fanica arma que tienen: el precio, y es que aunque parezca incre\u00edble, las CPUs Intel ser\u00e1n m\u00e1s baratas este 2020.<\/p>\n<p>La realidad que atraviesa Intel es bastante peor que la vivida a finales de 2018. Su negocio principal siguen siendo los procesadores y tras a\u00f1os de \u00e9xitos y dominio absoluto est\u00e1 cayendo contra su rival a base de una estrategia pobre y unos recursos m\u00e1s que limitados.<\/p>\n<p>Su \u00faltimo lanzamiento (Cascade Lake-X) es un vivo ejemplo de los nubarrones que se ciernen sobre el gigante azul dirigido por Bob Swan, por lo que tanto inversores\/accionistas como fabricantes y socios se preguntan, \u00bfcu\u00e1l ser\u00e1 la reacci\u00f3n de la compa\u00f1\u00eda y cu\u00e1ndo llegar\u00e1?<\/p>\n<p>Reorganizaci\u00f3n interna y estrategia fijada para 2020<\/p>\n<p>La junta directiva de Intel se reuni\u00f3 con urgencia ante la situaci\u00f3n vivida por la compa\u00f1\u00eda, ya que tienen varios frentes abiertos y se necesitan movimientos y estrategia claros para abordarla. La crisis interna en la que est\u00e1 Intel llega hasta el punto de que Andy Bryant ha renunciado como presidente en una junta celebrada el d\u00eda 15 de este mes, por lo que se ha tenido que elegir un nuevo director principal independiente, siendo \u00e9ste el doctor Omar Ishrak a efecto inmediato.<\/p>\n<p>La decisi\u00f3n de Bryant viene dada desde marzo del a\u00f1o pasado, donde el hasta ahora presidente ya dijo que no ten\u00eda la intenci\u00f3n de presentarse a la reelecci\u00f3n, hecho que ha constatado mediante su decisi\u00f3n de dejar el cargo y con ello dar paso a una nueva etapa de su compa\u00f1\u00eda.<\/p>\n<p>La crisis interna llega en el peor momento posible, pero por fin parece que los de Swan comienzan a trazar un rumbo m\u00e1s l\u00f3gico para Intel, ya que seg\u00fan se ha informado a trav\u00e9s de diversos fabricantes de PC, la compa\u00f1\u00eda ya ha informado a estos de una reducci\u00f3n del precio de sus procesadores para PC a partir de mitad de a\u00f1o.<\/p>\n<p>Intel competir\u00e1 con AMD en su terreno: Zen 2 hace hincar la rodilla al gigante<\/p>\n<p>La noticia es, posiblemente, la primera decisi\u00f3n a nivel t\u00e9cnico y de marketing que ha tomado la compa\u00f1\u00eda para encauzar la situaci\u00f3n por la que est\u00e1 pasando: sus 10 nm llegan tarde, la escasez de CPUs se mantendr\u00e1 todo el a\u00f1o, su rival tiene un producto m\u00e1s completo y a menor precio y adem\u00e1s est\u00e1 compitiendo de t\u00fa a t\u00fa en todos los sectores donde antes no lo hac\u00eda.<\/p>\n<p>Primero fue Cascade Lake-X con casi un 50% de reducci\u00f3n del precio, hace dos semanas fueron los Xeon y ahora le toca al sector mayoritario. Aunque no se ha especificado la reducci\u00f3n concreta del precio, es m\u00e1s que esperable que sea superior a ese 15% que inform\u00f3 la compa\u00f1\u00eda hace m\u00e1s de 6 meses y que nunca se produjo.<\/p>\n<p>Este precedente sienta una peligrosa base, \u00bfes una estrategia real que llegar\u00e1 al mercado y por lo tanto ser\u00e1 emp\u00edrica? o por el contrario, \u00bfes un movimiento para forzar a AMD a reducir ganancias en base a un ajuste de sus precios?<\/p>\n<p>La teor\u00eda nos dice que Intel tiene m\u00e1s que amortizado su proceso litogr\u00e1fico de 14 nm++, donde ha llegado a su l\u00edmite f\u00edsico, lo que no sabemos es cuan rentable ha terminado siendo.<\/p>\n<p>FUENTE: hardzone.es\/noticias\/procesadores\/intel-baja-precio-procesadores\/ <\/p>\n","protected":false},"excerpt":{"rendered":"","protected":false},"author":13,"featured_media":23513,"comment_status":"closed","ping_status":"closed","sticky":false,"template":"","format":"standard","meta":{"footnotes":""},"categories":[4],"tags":[],"class_list":["post-23512","post","type-post","status-publish","format-standard","has-post-thumbnail","hentry","category-noticas"],"yoast_head":"<!-- This site is optimized with the Yoast SEO plugin v27.1.1 - https:\/\/yoast.com\/product\/yoast-seo-wordpress\/ -->\n<title>EL PRECIO DE LOS PROCESADORES INTEL BAJAR\u00c1 ESTE A\u00d1O PARA COMPETIR CON AMD -<\/title>\n<meta name=\"robots\" content=\"index, follow, max-snippet:-1, max-image-preview:large, max-video-preview:-1\" \/>\n<link rel=\"canonical\" href=\"https:\/\/goldenti.com\/site\/el-precio-de-los-procesadores-intel-bajara-este-ano-para-competir-con-amd\/\" \/>\n<meta property=\"og:locale\" content=\"es_ES\" \/>\n<meta property=\"og:type\" content=\"article\" \/>\n<meta property=\"og:title\" content=\"EL PRECIO DE LOS PROCESADORES INTEL BAJAR\u00c1 ESTE A\u00d1O PARA COMPETIR CON AMD -\" \/>\n<meta property=\"og:url\" content=\"https:\/\/goldenti.com\/site\/el-precio-de-los-procesadores-intel-bajara-este-ano-para-competir-con-amd\/\" \/>\n<meta property=\"article:published_time\" content=\"2020-01-22T15:02:35+00:00\" \/>\n<meta property=\"article:modified_time\" content=\"2020-01-22T15:02:39+00:00\" \/>\n<meta property=\"og:image\" content=\"https:\/\/goldenti.com\/site\/wp-content\/uploads\/2020\/01\/Captura-5.png\" \/>\n\t<meta property=\"og:image:width\" content=\"837\" \/>\n\t<meta property=\"og:image:height\" content=\"440\" \/>\n\t<meta property=\"og:image:type\" content=\"image\/png\" \/>\n<meta name=\"twitter:card\" content=\"summary_large_image\" \/>\n<meta name=\"twitter:label1\" content=\"Escrito por\" \/>\n\t<meta name=\"twitter:data1\" content=\"\" \/>\n\t<meta name=\"twitter:label2\" content=\"Tiempo de lectura\" \/>\n\t<meta name=\"twitter:data2\" content=\"3 minutos\" \/>\n<script type=\"application\/ld+json\" class=\"yoast-schema-graph\">{\"@context\":\"https:\/\/schema.org\",\"@graph\":[{\"@type\":\"Article\",\"@id\":\"https:\/\/goldenti.com\/site\/el-precio-de-los-procesadores-intel-bajara-este-ano-para-competir-con-amd\/#article\",\"isPartOf\":{\"@id\":\"https:\/\/goldenti.com\/site\/el-precio-de-los-procesadores-intel-bajara-este-ano-para-competir-con-amd\/\"},\"author\":{\"name\":\"\",\"@id\":\"\"},\"headline\":\"EL PRECIO DE LOS PROCESADORES INTEL BAJAR\u00c1 ESTE A\u00d1O PARA COMPETIR CON AMD\",\"datePublished\":\"2020-01-22T15:02:35+00:00\",\"dateModified\":\"2020-01-22T15:02:39+00:00\",\"mainEntityOfPage\":{\"@id\":\"https:\/\/goldenti.com\/site\/el-precio-de-los-procesadores-intel-bajara-este-ano-para-competir-con-amd\/\"},\"wordCount\":652,\"image\":{\"@id\":\"https:\/\/goldenti.com\/site\/el-precio-de-los-procesadores-intel-bajara-este-ano-para-competir-con-amd\/#primaryimage\"},\"thumbnailUrl\":\"https:\/\/goldenti.com\/site\/wp-content\/uploads\/2020\/01\/Captura-5.png\",\"articleSection\":[\"Noticas\"],\"inLanguage\":\"es\"},{\"@type\":\"WebPage\",\"@id\":\"https:\/\/goldenti.com\/site\/el-precio-de-los-procesadores-intel-bajara-este-ano-para-competir-con-amd\/\",\"url\":\"https:\/\/goldenti.com\/site\/el-precio-de-los-procesadores-intel-bajara-este-ano-para-competir-con-amd\/\",\"name\":\"EL PRECIO DE LOS PROCESADORES INTEL BAJAR\u00c1 ESTE A\u00d1O PARA COMPETIR CON AMD -\",\"isPartOf\":{\"@id\":\"https:\/\/goldenti.com\/site\/#website\"},\"primaryImageOfPage\":{\"@id\":\"https:\/\/goldenti.com\/site\/el-precio-de-los-procesadores-intel-bajara-este-ano-para-competir-con-amd\/#primaryimage\"},\"image\":{\"@id\":\"https:\/\/goldenti.com\/site\/el-precio-de-los-procesadores-intel-bajara-este-ano-para-competir-con-amd\/#primaryimage\"},\"thumbnailUrl\":\"https:\/\/goldenti.com\/site\/wp-content\/uploads\/2020\/01\/Captura-5.png\",\"datePublished\":\"2020-01-22T15:02:35+00:00\",\"dateModified\":\"2020-01-22T15:02:39+00:00\",\"author\":{\"@id\":\"\"},\"breadcrumb\":{\"@id\":\"https:\/\/goldenti.com\/site\/el-precio-de-los-procesadores-intel-bajara-este-ano-para-competir-con-amd\/#breadcrumb\"},\"inLanguage\":\"es\",\"potentialAction\":[{\"@type\":\"ReadAction\",\"target\":[\"https:\/\/goldenti.com\/site\/el-precio-de-los-procesadores-intel-bajara-este-ano-para-competir-con-amd\/\"]}]},{\"@type\":\"ImageObject\",\"inLanguage\":\"es\",\"@id\":\"https:\/\/goldenti.com\/site\/el-precio-de-los-procesadores-intel-bajara-este-ano-para-competir-con-amd\/#primaryimage\",\"url\":\"https:\/\/goldenti.com\/site\/wp-content\/uploads\/2020\/01\/Captura-5.png\",\"contentUrl\":\"https:\/\/goldenti.com\/site\/wp-content\/uploads\/2020\/01\/Captura-5.png\",\"width\":837,\"height\":440},{\"@type\":\"BreadcrumbList\",\"@id\":\"https:\/\/goldenti.com\/site\/el-precio-de-los-procesadores-intel-bajara-este-ano-para-competir-con-amd\/#breadcrumb\",\"itemListElement\":[{\"@type\":\"ListItem\",\"position\":1,\"name\":\"Portada\",\"item\":\"https:\/\/goldenti.com\/site\/\"},{\"@type\":\"ListItem\",\"position\":2,\"name\":\"EL PRECIO DE LOS PROCESADORES INTEL BAJAR\u00c1 ESTE A\u00d1O PARA COMPETIR CON AMD\"}]},{\"@type\":\"WebSite\",\"@id\":\"https:\/\/goldenti.com\/site\/#website\",\"url\":\"https:\/\/goldenti.com\/site\/\",\"name\":\"\",\"description\":\"\",\"potentialAction\":[{\"@type\":\"SearchAction\",\"target\":{\"@type\":\"EntryPoint\",\"urlTemplate\":\"https:\/\/goldenti.com\/site\/?s={search_term_string}\"},\"query-input\":{\"@type\":\"PropertyValueSpecification\",\"valueRequired\":true,\"valueName\":\"search_term_string\"}}],\"inLanguage\":\"es\"},{\"@type\":\"Person\",\"@id\":\"\",\"url\":\"https:\/\/goldenti.com\/site\/author\/\"}]}<\/script>\n<!-- \/ Yoast SEO plugin. -->","yoast_head_json":{"title":"EL PRECIO DE LOS PROCESADORES INTEL BAJAR\u00c1 ESTE A\u00d1O PARA COMPETIR CON AMD -","robots":{"index":"index","follow":"follow","max-snippet":"max-snippet:-1","max-image-preview":"max-image-preview:large","max-video-preview":"max-video-preview:-1"},"canonical":"https:\/\/goldenti.com\/site\/el-precio-de-los-procesadores-intel-bajara-este-ano-para-competir-con-amd\/","og_locale":"es_ES","og_type":"article","og_title":"EL PRECIO DE LOS PROCESADORES INTEL BAJAR\u00c1 ESTE A\u00d1O PARA COMPETIR CON AMD -","og_url":"https:\/\/goldenti.com\/site\/el-precio-de-los-procesadores-intel-bajara-este-ano-para-competir-con-amd\/","article_published_time":"2020-01-22T15:02:35+00:00","article_modified_time":"2020-01-22T15:02:39+00:00","og_image":[{"width":837,"height":440,"url":"https:\/\/goldenti.com\/site\/wp-content\/uploads\/2020\/01\/Captura-5.png","type":"image\/png"}],"twitter_card":"summary_large_image","twitter_misc":{"Escrito por":"","Tiempo de lectura":"3 minutos"},"schema":{"@context":"https:\/\/schema.org","@graph":[{"@type":"Article","@id":"https:\/\/goldenti.com\/site\/el-precio-de-los-procesadores-intel-bajara-este-ano-para-competir-con-amd\/#article","isPartOf":{"@id":"https:\/\/goldenti.com\/site\/el-precio-de-los-procesadores-intel-bajara-este-ano-para-competir-con-amd\/"},"author":{"name":"","@id":""},"headline":"EL PRECIO DE LOS PROCESADORES INTEL BAJAR\u00c1 ESTE A\u00d1O PARA COMPETIR CON AMD","datePublished":"2020-01-22T15:02:35+00:00","dateModified":"2020-01-22T15:02:39+00:00","mainEntityOfPage":{"@id":"https:\/\/goldenti.com\/site\/el-precio-de-los-procesadores-intel-bajara-este-ano-para-competir-con-amd\/"},"wordCount":652,"image":{"@id":"https:\/\/goldenti.com\/site\/el-precio-de-los-procesadores-intel-bajara-este-ano-para-competir-con-amd\/#primaryimage"},"thumbnailUrl":"https:\/\/goldenti.com\/site\/wp-content\/uploads\/2020\/01\/Captura-5.png","articleSection":["Noticas"],"inLanguage":"es"},{"@type":"WebPage","@id":"https:\/\/goldenti.com\/site\/el-precio-de-los-procesadores-intel-bajara-este-ano-para-competir-con-amd\/","url":"https:\/\/goldenti.com\/site\/el-precio-de-los-procesadores-intel-bajara-este-ano-para-competir-con-amd\/","name":"EL PRECIO DE LOS PROCESADORES INTEL BAJAR\u00c1 ESTE A\u00d1O PARA COMPETIR CON AMD -","isPartOf":{"@id":"https:\/\/goldenti.com\/site\/#website"},"primaryImageOfPage":{"@id":"https:\/\/goldenti.com\/site\/el-precio-de-los-procesadores-intel-bajara-este-ano-para-competir-con-amd\/#primaryimage"},"image":{"@id":"https:\/\/goldenti.com\/site\/el-precio-de-los-procesadores-intel-bajara-este-ano-para-competir-con-amd\/#primaryimage"},"thumbnailUrl":"https:\/\/goldenti.com\/site\/wp-content\/uploads\/2020\/01\/Captura-5.png","datePublished":"2020-01-22T15:02:35+00:00","dateModified":"2020-01-22T15:02:39+00:00","author":{"@id":""},"breadcrumb":{"@id":"https:\/\/goldenti.com\/site\/el-precio-de-los-procesadores-intel-bajara-este-ano-para-competir-con-amd\/#breadcrumb"},"inLanguage":"es","potentialAction":[{"@type":"ReadAction","target":["https:\/\/goldenti.com\/site\/el-precio-de-los-procesadores-intel-bajara-este-ano-para-competir-con-amd\/"]}]},{"@type":"ImageObject","inLanguage":"es","@id":"https:\/\/goldenti.com\/site\/el-precio-de-los-procesadores-intel-bajara-este-ano-para-competir-con-amd\/#primaryimage","url":"https:\/\/goldenti.com\/site\/wp-content\/uploads\/2020\/01\/Captura-5.png","contentUrl":"https:\/\/goldenti.com\/site\/wp-content\/uploads\/2020\/01\/Captura-5.png","width":837,"height":440},{"@type":"BreadcrumbList","@id":"https:\/\/goldenti.com\/site\/el-precio-de-los-procesadores-intel-bajara-este-ano-para-competir-con-amd\/#breadcrumb","itemListElement":[{"@type":"ListItem","position":1,"name":"Portada","item":"https:\/\/goldenti.com\/site\/"},{"@type":"ListItem","position":2,"name":"EL PRECIO DE LOS PROCESADORES INTEL BAJAR\u00c1 ESTE A\u00d1O PARA COMPETIR CON AMD"}]},{"@type":"WebSite","@id":"https:\/\/goldenti.com\/site\/#website","url":"https:\/\/goldenti.com\/site\/","name":"","description":"","potentialAction":[{"@type":"SearchAction","target":{"@type":"EntryPoint","urlTemplate":"https:\/\/goldenti.com\/site\/?s={search_term_string}"},"query-input":{"@type":"PropertyValueSpecification","valueRequired":true,"valueName":"search_term_string"}}],"inLanguage":"es"},{"@type":"Person","@id":"","url":"https:\/\/goldenti.com\/site\/author\/"}]}},"_links":{"self":[{"href":"https:\/\/goldenti.com\/site\/wp-json\/wp\/v2\/posts\/23512","targetHints":{"allow":["GET"]}}],"collection":[{"href":"https:\/\/goldenti.com\/site\/wp-json\/wp\/v2\/posts"}],"about":[{"href":"https:\/\/goldenti.com\/site\/wp-json\/wp\/v2\/types\/post"}],"author":[{"embeddable":true,"href":"https:\/\/goldenti.com\/site\/wp-json\/wp\/v2\/users\/13"}],"replies":[{"embeddable":true,"href":"https:\/\/goldenti.com\/site\/wp-json\/wp\/v2\/comments?post=23512"}],"version-history":[{"count":1,"href":"https:\/\/goldenti.com\/site\/wp-json\/wp\/v2\/posts\/23512\/revisions"}],"predecessor-version":[{"id":23514,"href":"https:\/\/goldenti.com\/site\/wp-json\/wp\/v2\/posts\/23512\/revisions\/23514"}],"wp:featuredmedia":[{"embeddable":true,"href":"https:\/\/goldenti.com\/site\/wp-json\/wp\/v2\/media\/23513"}],"wp:attachment":[{"href":"https:\/\/goldenti.com\/site\/wp-json\/wp\/v2\/media?parent=23512"}],"wp:term":[{"taxonomy":"category","embeddable":true,"href":"https:\/\/goldenti.com\/site\/wp-json\/wp\/v2\/categories?post=23512"},{"taxonomy":"post_tag","embeddable":true,"href":"https:\/\/goldenti.com\/site\/wp-json\/wp\/v2\/tags?post=23512"}],"curies":[{"name":"wp","href":"https:\/\/api.w.org\/{rel}","templated":true}]}}