{"id":23521,"date":"2020-01-23T13:11:33","date_gmt":"2020-01-23T19:11:33","guid":{"rendered":"https:\/\/goldenti.com\/site\/?p=23521"},"modified":"2020-01-23T13:11:35","modified_gmt":"2020-01-23T19:11:35","slug":"whatsapp-deja-de-funcionar-en-estos-celulares-a-partir-de-febrero","status":"publish","type":"post","link":"https:\/\/goldenti.com\/site\/whatsapp-deja-de-funcionar-en-estos-celulares-a-partir-de-febrero\/","title":{"rendered":"WhatsApp deja de funcionar en estos celulares a partir de febrero"},"content":{"rendered":"\n<p>Los modelos que se ver\u00e1n afectados son los que tienen el sistema Android desactualizado, como el Galaxy Nexus de Google, Samsung Galaxy S3 o los Xperia S de Sony, entre otros.<\/p>\n<p>Los aparatos de telefon\u00eda celular que tengan Android 2.3.7 o anteriores, y tambi\u00e9n en los iPhone que tengan iOS 8 o versiones previas, dejar\u00e1n de funcionar a partir del 1 de febrero.<\/p>\n<p>El mensajero por excelencia seguir\u00e1 disponible con todas sus funciones -incluso modo oscuro en Androide-, en los dispositivos Android con sistema operativo 4.0.3 o posterior, adem\u00e1s de los iPhone con iOS9 o posterior.<\/p>\n<p>De acuerdo a un\u00a0<a href=\"https:\/\/mty.telediario.mx\/tendencias\/whatsapp-dejara-de-funcionar-en-estos-celulares-partir-de-febrero\" target=\"_blank\" rel=\"noopener noreferrer\">informe period\u00edstico<\/a>, WhatsApp es compatible con algunos modelos de tel\u00e9fonos con sistema operativo KaiOS 2.5.1 o posterior, incluidos los dispositivos JioPhone y JioPhone 2.<\/p>\n<p>De esta manera, los modelos que se ver\u00e1n afectados son los que tienen el sistema Android desactualizado, como el Galaxy Nexus de Google, Samsung Galaxy S3 o los Xperia S de Sony, entre otros.<\/p>\n<p>Por el momento, las personas que tengan estos equipos podr\u00e1n seguir utilizando WhatsApp, por eso es mejor no actualidarla, ya que en caso de reinstalarla, no se podr\u00e1 verificar la cuenta, quedando exclu\u00eddos para la utilizaci\u00f3n del servicio.<\/p>\n<p>Fuente: www.forbes.com.mx<\/p>\n","protected":false},"excerpt":{"rendered":"","protected":false},"author":12,"featured_media":23522,"comment_status":"closed","ping_status":"closed","sticky":false,"template":"","format":"standard","meta":{"footnotes":""},"categories":[4],"tags":[],"class_list":["post-23521","post","type-post","status-publish","format-standard","has-post-thumbnail","hentry","category-noticas"],"yoast_head":"<!-- This site is optimized with the Yoast SEO plugin v27.1.1 - https:\/\/yoast.com\/product\/yoast-seo-wordpress\/ -->\n<title>WhatsApp deja de funcionar en estos celulares a partir de febrero -<\/title>\n<meta name=\"robots\" content=\"index, follow, max-snippet:-1, max-image-preview:large, max-video-preview:-1\" \/>\n<link rel=\"canonical\" href=\"https:\/\/goldenti.com\/site\/whatsapp-deja-de-funcionar-en-estos-celulares-a-partir-de-febrero\/\" \/>\n<meta property=\"og:locale\" content=\"es_ES\" \/>\n<meta property=\"og:type\" content=\"article\" \/>\n<meta property=\"og:title\" content=\"WhatsApp deja de funcionar en estos celulares a partir de febrero -\" \/>\n<meta property=\"og:url\" content=\"https:\/\/goldenti.com\/site\/whatsapp-deja-de-funcionar-en-estos-celulares-a-partir-de-febrero\/\" \/>\n<meta property=\"article:published_time\" content=\"2020-01-23T19:11:33+00:00\" \/>\n<meta property=\"article:modified_time\" content=\"2020-01-23T19:11:35+00:00\" \/>\n<meta property=\"og:image\" content=\"https:\/\/goldenti.com\/site\/wp-content\/uploads\/2020\/01\/Whatsapp.jpg\" \/>\n\t<meta property=\"og:image:width\" content=\"857\" \/>\n\t<meta property=\"og:image:height\" content=\"481\" \/>\n\t<meta property=\"og:image:type\" content=\"image\/jpeg\" \/>\n<meta name=\"author\" content=\"Iris Esparza\" \/>\n<meta name=\"twitter:card\" content=\"summary_large_image\" \/>\n<meta name=\"twitter:label1\" content=\"Escrito por\" \/>\n\t<meta name=\"twitter:data1\" content=\"Iris Esparza\" \/>\n\t<meta name=\"twitter:label2\" content=\"Tiempo de lectura\" \/>\n\t<meta name=\"twitter:data2\" content=\"1 minuto\" \/>\n<script type=\"application\/ld+json\" class=\"yoast-schema-graph\">{\"@context\":\"https:\/\/schema.org\",\"@graph\":[{\"@type\":\"Article\",\"@id\":\"https:\/\/goldenti.com\/site\/whatsapp-deja-de-funcionar-en-estos-celulares-a-partir-de-febrero\/#article\",\"isPartOf\":{\"@id\":\"https:\/\/goldenti.com\/site\/whatsapp-deja-de-funcionar-en-estos-celulares-a-partir-de-febrero\/\"},\"author\":{\"name\":\"Iris Esparza\",\"@id\":\"https:\/\/goldenti.com\/site\/#\/schema\/person\/8190e0425b54b5461126268d75de9409\"},\"headline\":\"WhatsApp deja de funcionar en estos celulares a partir de febrero\",\"datePublished\":\"2020-01-23T19:11:33+00:00\",\"dateModified\":\"2020-01-23T19:11:35+00:00\",\"mainEntityOfPage\":{\"@id\":\"https:\/\/goldenti.com\/site\/whatsapp-deja-de-funcionar-en-estos-celulares-a-partir-de-febrero\/\"},\"wordCount\":217,\"image\":{\"@id\":\"https:\/\/goldenti.com\/site\/whatsapp-deja-de-funcionar-en-estos-celulares-a-partir-de-febrero\/#primaryimage\"},\"thumbnailUrl\":\"https:\/\/goldenti.com\/site\/wp-content\/uploads\/2020\/01\/Whatsapp.jpg\",\"articleSection\":[\"Noticas\"],\"inLanguage\":\"es\"},{\"@type\":\"WebPage\",\"@id\":\"https:\/\/goldenti.com\/site\/whatsapp-deja-de-funcionar-en-estos-celulares-a-partir-de-febrero\/\",\"url\":\"https:\/\/goldenti.com\/site\/whatsapp-deja-de-funcionar-en-estos-celulares-a-partir-de-febrero\/\",\"name\":\"WhatsApp deja de funcionar en estos celulares a partir de febrero -\",\"isPartOf\":{\"@id\":\"https:\/\/goldenti.com\/site\/#website\"},\"primaryImageOfPage\":{\"@id\":\"https:\/\/goldenti.com\/site\/whatsapp-deja-de-funcionar-en-estos-celulares-a-partir-de-febrero\/#primaryimage\"},\"image\":{\"@id\":\"https:\/\/goldenti.com\/site\/whatsapp-deja-de-funcionar-en-estos-celulares-a-partir-de-febrero\/#primaryimage\"},\"thumbnailUrl\":\"https:\/\/goldenti.com\/site\/wp-content\/uploads\/2020\/01\/Whatsapp.jpg\",\"datePublished\":\"2020-01-23T19:11:33+00:00\",\"dateModified\":\"2020-01-23T19:11:35+00:00\",\"author\":{\"@id\":\"https:\/\/goldenti.com\/site\/#\/schema\/person\/8190e0425b54b5461126268d75de9409\"},\"breadcrumb\":{\"@id\":\"https:\/\/goldenti.com\/site\/whatsapp-deja-de-funcionar-en-estos-celulares-a-partir-de-febrero\/#breadcrumb\"},\"inLanguage\":\"es\",\"potentialAction\":[{\"@type\":\"ReadAction\",\"target\":[\"https:\/\/goldenti.com\/site\/whatsapp-deja-de-funcionar-en-estos-celulares-a-partir-de-febrero\/\"]}]},{\"@type\":\"ImageObject\",\"inLanguage\":\"es\",\"@id\":\"https:\/\/goldenti.com\/site\/whatsapp-deja-de-funcionar-en-estos-celulares-a-partir-de-febrero\/#primaryimage\",\"url\":\"https:\/\/goldenti.com\/site\/wp-content\/uploads\/2020\/01\/Whatsapp.jpg\",\"contentUrl\":\"https:\/\/goldenti.com\/site\/wp-content\/uploads\/2020\/01\/Whatsapp.jpg\",\"width\":857,\"height\":481},{\"@type\":\"BreadcrumbList\",\"@id\":\"https:\/\/goldenti.com\/site\/whatsapp-deja-de-funcionar-en-estos-celulares-a-partir-de-febrero\/#breadcrumb\",\"itemListElement\":[{\"@type\":\"ListItem\",\"position\":1,\"name\":\"Portada\",\"item\":\"https:\/\/goldenti.com\/site\/\"},{\"@type\":\"ListItem\",\"position\":2,\"name\":\"WhatsApp deja de funcionar en estos celulares a partir de febrero\"}]},{\"@type\":\"WebSite\",\"@id\":\"https:\/\/goldenti.com\/site\/#website\",\"url\":\"https:\/\/goldenti.com\/site\/\",\"name\":\"\",\"description\":\"\",\"potentialAction\":[{\"@type\":\"SearchAction\",\"target\":{\"@type\":\"EntryPoint\",\"urlTemplate\":\"https:\/\/goldenti.com\/site\/?s={search_term_string}\"},\"query-input\":{\"@type\":\"PropertyValueSpecification\",\"valueRequired\":true,\"valueName\":\"search_term_string\"}}],\"inLanguage\":\"es\"},{\"@type\":\"Person\",\"@id\":\"https:\/\/goldenti.com\/site\/#\/schema\/person\/8190e0425b54b5461126268d75de9409\",\"name\":\"Iris Esparza\",\"image\":{\"@type\":\"ImageObject\",\"inLanguage\":\"es\",\"@id\":\"https:\/\/goldenti.com\/site\/#\/schema\/person\/image\/\",\"url\":\"https:\/\/secure.gravatar.com\/avatar\/ec9f40c0dfa9dc199516d80ef8aac218e84ffeb18d9f3b54b46c273173c12ceb?s=96&d=mm&r=g\",\"contentUrl\":\"https:\/\/secure.gravatar.com\/avatar\/ec9f40c0dfa9dc199516d80ef8aac218e84ffeb18d9f3b54b46c273173c12ceb?s=96&d=mm&r=g\",\"caption\":\"Iris Esparza\"},\"url\":\"https:\/\/goldenti.com\/site\/author\/irisesparza\/\"}]}<\/script>\n<!-- \/ Yoast SEO plugin. -->","yoast_head_json":{"title":"WhatsApp deja de funcionar en estos celulares a partir de febrero -","robots":{"index":"index","follow":"follow","max-snippet":"max-snippet:-1","max-image-preview":"max-image-preview:large","max-video-preview":"max-video-preview:-1"},"canonical":"https:\/\/goldenti.com\/site\/whatsapp-deja-de-funcionar-en-estos-celulares-a-partir-de-febrero\/","og_locale":"es_ES","og_type":"article","og_title":"WhatsApp deja de funcionar en estos celulares a partir de febrero -","og_url":"https:\/\/goldenti.com\/site\/whatsapp-deja-de-funcionar-en-estos-celulares-a-partir-de-febrero\/","article_published_time":"2020-01-23T19:11:33+00:00","article_modified_time":"2020-01-23T19:11:35+00:00","og_image":[{"width":857,"height":481,"url":"https:\/\/goldenti.com\/site\/wp-content\/uploads\/2020\/01\/Whatsapp.jpg","type":"image\/jpeg"}],"author":"Iris Esparza","twitter_card":"summary_large_image","twitter_misc":{"Escrito por":"Iris Esparza","Tiempo de lectura":"1 minuto"},"schema":{"@context":"https:\/\/schema.org","@graph":[{"@type":"Article","@id":"https:\/\/goldenti.com\/site\/whatsapp-deja-de-funcionar-en-estos-celulares-a-partir-de-febrero\/#article","isPartOf":{"@id":"https:\/\/goldenti.com\/site\/whatsapp-deja-de-funcionar-en-estos-celulares-a-partir-de-febrero\/"},"author":{"name":"Iris Esparza","@id":"https:\/\/goldenti.com\/site\/#\/schema\/person\/8190e0425b54b5461126268d75de9409"},"headline":"WhatsApp deja de funcionar en estos celulares a partir de febrero","datePublished":"2020-01-23T19:11:33+00:00","dateModified":"2020-01-23T19:11:35+00:00","mainEntityOfPage":{"@id":"https:\/\/goldenti.com\/site\/whatsapp-deja-de-funcionar-en-estos-celulares-a-partir-de-febrero\/"},"wordCount":217,"image":{"@id":"https:\/\/goldenti.com\/site\/whatsapp-deja-de-funcionar-en-estos-celulares-a-partir-de-febrero\/#primaryimage"},"thumbnailUrl":"https:\/\/goldenti.com\/site\/wp-content\/uploads\/2020\/01\/Whatsapp.jpg","articleSection":["Noticas"],"inLanguage":"es"},{"@type":"WebPage","@id":"https:\/\/goldenti.com\/site\/whatsapp-deja-de-funcionar-en-estos-celulares-a-partir-de-febrero\/","url":"https:\/\/goldenti.com\/site\/whatsapp-deja-de-funcionar-en-estos-celulares-a-partir-de-febrero\/","name":"WhatsApp deja de funcionar en estos celulares a partir de febrero -","isPartOf":{"@id":"https:\/\/goldenti.com\/site\/#website"},"primaryImageOfPage":{"@id":"https:\/\/goldenti.com\/site\/whatsapp-deja-de-funcionar-en-estos-celulares-a-partir-de-febrero\/#primaryimage"},"image":{"@id":"https:\/\/goldenti.com\/site\/whatsapp-deja-de-funcionar-en-estos-celulares-a-partir-de-febrero\/#primaryimage"},"thumbnailUrl":"https:\/\/goldenti.com\/site\/wp-content\/uploads\/2020\/01\/Whatsapp.jpg","datePublished":"2020-01-23T19:11:33+00:00","dateModified":"2020-01-23T19:11:35+00:00","author":{"@id":"https:\/\/goldenti.com\/site\/#\/schema\/person\/8190e0425b54b5461126268d75de9409"},"breadcrumb":{"@id":"https:\/\/goldenti.com\/site\/whatsapp-deja-de-funcionar-en-estos-celulares-a-partir-de-febrero\/#breadcrumb"},"inLanguage":"es","potentialAction":[{"@type":"ReadAction","target":["https:\/\/goldenti.com\/site\/whatsapp-deja-de-funcionar-en-estos-celulares-a-partir-de-febrero\/"]}]},{"@type":"ImageObject","inLanguage":"es","@id":"https:\/\/goldenti.com\/site\/whatsapp-deja-de-funcionar-en-estos-celulares-a-partir-de-febrero\/#primaryimage","url":"https:\/\/goldenti.com\/site\/wp-content\/uploads\/2020\/01\/Whatsapp.jpg","contentUrl":"https:\/\/goldenti.com\/site\/wp-content\/uploads\/2020\/01\/Whatsapp.jpg","width":857,"height":481},{"@type":"BreadcrumbList","@id":"https:\/\/goldenti.com\/site\/whatsapp-deja-de-funcionar-en-estos-celulares-a-partir-de-febrero\/#breadcrumb","itemListElement":[{"@type":"ListItem","position":1,"name":"Portada","item":"https:\/\/goldenti.com\/site\/"},{"@type":"ListItem","position":2,"name":"WhatsApp deja de funcionar en estos celulares a partir de febrero"}]},{"@type":"WebSite","@id":"https:\/\/goldenti.com\/site\/#website","url":"https:\/\/goldenti.com\/site\/","name":"","description":"","potentialAction":[{"@type":"SearchAction","target":{"@type":"EntryPoint","urlTemplate":"https:\/\/goldenti.com\/site\/?s={search_term_string}"},"query-input":{"@type":"PropertyValueSpecification","valueRequired":true,"valueName":"search_term_string"}}],"inLanguage":"es"},{"@type":"Person","@id":"https:\/\/goldenti.com\/site\/#\/schema\/person\/8190e0425b54b5461126268d75de9409","name":"Iris Esparza","image":{"@type":"ImageObject","inLanguage":"es","@id":"https:\/\/goldenti.com\/site\/#\/schema\/person\/image\/","url":"https:\/\/secure.gravatar.com\/avatar\/ec9f40c0dfa9dc199516d80ef8aac218e84ffeb18d9f3b54b46c273173c12ceb?s=96&d=mm&r=g","contentUrl":"https:\/\/secure.gravatar.com\/avatar\/ec9f40c0dfa9dc199516d80ef8aac218e84ffeb18d9f3b54b46c273173c12ceb?s=96&d=mm&r=g","caption":"Iris Esparza"},"url":"https:\/\/goldenti.com\/site\/author\/irisesparza\/"}]}},"_links":{"self":[{"href":"https:\/\/goldenti.com\/site\/wp-json\/wp\/v2\/posts\/23521","targetHints":{"allow":["GET"]}}],"collection":[{"href":"https:\/\/goldenti.com\/site\/wp-json\/wp\/v2\/posts"}],"about":[{"href":"https:\/\/goldenti.com\/site\/wp-json\/wp\/v2\/types\/post"}],"author":[{"embeddable":true,"href":"https:\/\/goldenti.com\/site\/wp-json\/wp\/v2\/users\/12"}],"replies":[{"embeddable":true,"href":"https:\/\/goldenti.com\/site\/wp-json\/wp\/v2\/comments?post=23521"}],"version-history":[{"count":1,"href":"https:\/\/goldenti.com\/site\/wp-json\/wp\/v2\/posts\/23521\/revisions"}],"predecessor-version":[{"id":23523,"href":"https:\/\/goldenti.com\/site\/wp-json\/wp\/v2\/posts\/23521\/revisions\/23523"}],"wp:featuredmedia":[{"embeddable":true,"href":"https:\/\/goldenti.com\/site\/wp-json\/wp\/v2\/media\/23522"}],"wp:attachment":[{"href":"https:\/\/goldenti.com\/site\/wp-json\/wp\/v2\/media?parent=23521"}],"wp:term":[{"taxonomy":"category","embeddable":true,"href":"https:\/\/goldenti.com\/site\/wp-json\/wp\/v2\/categories?post=23521"},{"taxonomy":"post_tag","embeddable":true,"href":"https:\/\/goldenti.com\/site\/wp-json\/wp\/v2\/tags?post=23521"}],"curies":[{"name":"wp","href":"https:\/\/api.w.org\/{rel}","templated":true}]}}