{"id":23524,"date":"2020-01-23T17:24:08","date_gmt":"2020-01-23T23:24:08","guid":{"rendered":"https:\/\/goldenti.com\/site\/?p=23524"},"modified":"2020-01-23T17:24:11","modified_gmt":"2020-01-23T23:24:11","slug":"cinco-claves-para-gestionar-con-exito-el-talento-ti","status":"publish","type":"post","link":"https:\/\/goldenti.com\/site\/cinco-claves-para-gestionar-con-exito-el-talento-ti\/","title":{"rendered":"Cinco claves para gestionar con \u00e9xito el talento TI"},"content":{"rendered":"\n<p>La cultura empresarial es uno de los factores esenciales sobre los que apoyar el \u00e9xito en los procesos de transformaci\u00f3n tecnol\u00f3gica, tanto en lo que se refiere a la implicaci\u00f3n del personal como a la necesidad de talento especializado.<\/p>\n<p>Desde esta doble perspectiva, para los departamentos de Infraestructura y Tecnolog\u00edas de la Informaci\u00f3n es interesante conocer las tendencias que se manejan en gesti\u00f3n de equipos en relaci\u00f3n con la introducci\u00f3n de nuevas tecnolog\u00edas.<\/p>\n<p>La empresa atSistemas, dedicada a la consultor\u00eda TI y al desarrollo de software, comparti\u00f3 cinco claves para la gesti\u00f3n de talento TI:\u00a0<em>nuevos modelos de liderazgo, evoluci\u00f3n en el lenguaje de las organizaciones, la responsabilidad individual, la sostenibilidad<\/em>\u00a0y la\u00a0<em>plenitud a trav\u00e9s de distintas maneras de trabajar.<\/em><\/p>\n<p>Para la firma, estos elementos determinar\u00e1n la gesti\u00f3n de los equipos.<\/p>\n<h4>Cinco elementos, a detalle<\/h4>\n<p>En relaci\u00f3n a las\u00a0<em>nuevas relaciones de liderazgo<\/em>, se percibe la necesidad de innovar en la relaci\u00f3n entre l\u00edderes y equipo. En este sentido, se plantean nuevos modelos destinados a reforzar la experiencia laboral, en entornos en los que se fomente la escucha y la relaci\u00f3n con la plantilla, de cara a impulsar que cada profesional cuente con su propio itinerario de crecimiento y desarrollo.\u00a0<\/p>\n<p>Con el\u00a0<em>lenguaje de las organizaciones<\/em>, se refiere al di\u00e1logo que cada profesional mantiene con la organizaci\u00f3n y que se ve influido por el momento laboral en el que se encuentre, como si est\u00e1 en proceso de revisi\u00f3n salarial, en ascenso o necesita gestionar una baja. En este proceso, se considera determinante la forma en la que desde la compa\u00f1\u00eda se interact\u00faa con las personas que la conforman, tanto en los mensajes como en las reglas impl\u00edcitas.<\/p>\n<p>Otro de los factores esenciales en la gesti\u00f3n de talento TI es la\u00a0<em>responsabilidad individual.\u00a0<\/em>Desde la empresa, se quiere captar perfiles cualificados, proactivos y reforzados en la capacidad de autogesti\u00f3n. En el otro extremo, estas personas podr\u00e1n adoptar positivamente esta confianza, a modo de herramienta de autonom\u00eda laboral, y se espera que tenga un impacto positivo en la productividad y la fidelizaci\u00f3n.<\/p>\n<p>atSistemas considera la\u00a0<em>sostenibilidad y bienestar en el trabajo<\/em>\u00a0de la plantilla como punto clave para las empresas, ya que repercute directamente en la productividad y \u00e9xito de la organizaci\u00f3n.<\/p>\n<p>Entre las tendencias que se est\u00e1n perfilando est\u00e1 la incorporaci\u00f3n de t\u00e9cnicas para reducir el estr\u00e9s, una mejor gesti\u00f3n de las agendas, la desconexi\u00f3n digital o la introducci\u00f3n de opciones de trabajo a distancia, entre otras posibilidades impulsadas por las nuevas tecnolog\u00edas en favor de metodolog\u00edas m\u00e1s flexibles y eficientes.<\/p>\n<p>Por \u00faltimo, las organizaciones est\u00e1n buscando fomentar la\u00a0<em>plenitud de sus plantillas<\/em>\u00a0en sus experiencias de trabajo. De lo que se trata es de que cada profesional aporte \u201cel valor intr\u00ednseco que posee en la medida en la que las propias pol\u00edticas de la organizaci\u00f3n, las relaciones de liderazgo y la forma de trabajar lo permitan e impulsen\u201d.<\/p>\n<p>Fuente: cio.com.mx<\/p>\n","protected":false},"excerpt":{"rendered":"","protected":false},"author":12,"featured_media":23525,"comment_status":"closed","ping_status":"closed","sticky":false,"template":"","format":"standard","meta":{"footnotes":""},"categories":[4],"tags":[],"class_list":["post-23524","post","type-post","status-publish","format-standard","has-post-thumbnail","hentry","category-noticas"],"yoast_head":"<!-- This site is optimized with the Yoast SEO plugin v27.1.1 - https:\/\/yoast.com\/product\/yoast-seo-wordpress\/ -->\n<title>Cinco claves para gestionar con \u00e9xito el talento TI -<\/title>\n<meta name=\"robots\" content=\"index, follow, max-snippet:-1, max-image-preview:large, max-video-preview:-1\" \/>\n<link rel=\"canonical\" href=\"https:\/\/goldenti.com\/site\/cinco-claves-para-gestionar-con-exito-el-talento-ti\/\" \/>\n<meta property=\"og:locale\" content=\"es_ES\" \/>\n<meta property=\"og:type\" content=\"article\" \/>\n<meta property=\"og:title\" content=\"Cinco claves para gestionar con \u00e9xito el talento TI -\" \/>\n<meta property=\"og:url\" content=\"https:\/\/goldenti.com\/site\/cinco-claves-para-gestionar-con-exito-el-talento-ti\/\" \/>\n<meta property=\"article:published_time\" content=\"2020-01-23T23:24:08+00:00\" \/>\n<meta property=\"article:modified_time\" content=\"2020-01-23T23:24:11+00:00\" \/>\n<meta property=\"og:image\" content=\"https:\/\/goldenti.com\/site\/wp-content\/uploads\/2020\/01\/gerfdf.jpg\" \/>\n\t<meta property=\"og:image:width\" content=\"651\" \/>\n\t<meta property=\"og:image:height\" content=\"378\" \/>\n\t<meta property=\"og:image:type\" content=\"image\/jpeg\" \/>\n<meta name=\"author\" content=\"Iris Esparza\" \/>\n<meta name=\"twitter:card\" content=\"summary_large_image\" \/>\n<meta name=\"twitter:label1\" content=\"Escrito por\" \/>\n\t<meta name=\"twitter:data1\" content=\"Iris Esparza\" \/>\n\t<meta name=\"twitter:label2\" content=\"Tiempo de lectura\" \/>\n\t<meta name=\"twitter:data2\" content=\"3 minutos\" \/>\n<script type=\"application\/ld+json\" class=\"yoast-schema-graph\">{\"@context\":\"https:\/\/schema.org\",\"@graph\":[{\"@type\":\"Article\",\"@id\":\"https:\/\/goldenti.com\/site\/cinco-claves-para-gestionar-con-exito-el-talento-ti\/#article\",\"isPartOf\":{\"@id\":\"https:\/\/goldenti.com\/site\/cinco-claves-para-gestionar-con-exito-el-talento-ti\/\"},\"author\":{\"name\":\"Iris Esparza\",\"@id\":\"https:\/\/goldenti.com\/site\/#\/schema\/person\/8190e0425b54b5461126268d75de9409\"},\"headline\":\"Cinco claves para gestionar con \u00e9xito el talento TI\",\"datePublished\":\"2020-01-23T23:24:08+00:00\",\"dateModified\":\"2020-01-23T23:24:11+00:00\",\"mainEntityOfPage\":{\"@id\":\"https:\/\/goldenti.com\/site\/cinco-claves-para-gestionar-con-exito-el-talento-ti\/\"},\"wordCount\":537,\"image\":{\"@id\":\"https:\/\/goldenti.com\/site\/cinco-claves-para-gestionar-con-exito-el-talento-ti\/#primaryimage\"},\"thumbnailUrl\":\"https:\/\/goldenti.com\/site\/wp-content\/uploads\/2020\/01\/gerfdf.jpg\",\"articleSection\":[\"Noticas\"],\"inLanguage\":\"es\"},{\"@type\":\"WebPage\",\"@id\":\"https:\/\/goldenti.com\/site\/cinco-claves-para-gestionar-con-exito-el-talento-ti\/\",\"url\":\"https:\/\/goldenti.com\/site\/cinco-claves-para-gestionar-con-exito-el-talento-ti\/\",\"name\":\"Cinco claves para gestionar con \u00e9xito el talento TI -\",\"isPartOf\":{\"@id\":\"https:\/\/goldenti.com\/site\/#website\"},\"primaryImageOfPage\":{\"@id\":\"https:\/\/goldenti.com\/site\/cinco-claves-para-gestionar-con-exito-el-talento-ti\/#primaryimage\"},\"image\":{\"@id\":\"https:\/\/goldenti.com\/site\/cinco-claves-para-gestionar-con-exito-el-talento-ti\/#primaryimage\"},\"thumbnailUrl\":\"https:\/\/goldenti.com\/site\/wp-content\/uploads\/2020\/01\/gerfdf.jpg\",\"datePublished\":\"2020-01-23T23:24:08+00:00\",\"dateModified\":\"2020-01-23T23:24:11+00:00\",\"author\":{\"@id\":\"https:\/\/goldenti.com\/site\/#\/schema\/person\/8190e0425b54b5461126268d75de9409\"},\"breadcrumb\":{\"@id\":\"https:\/\/goldenti.com\/site\/cinco-claves-para-gestionar-con-exito-el-talento-ti\/#breadcrumb\"},\"inLanguage\":\"es\",\"potentialAction\":[{\"@type\":\"ReadAction\",\"target\":[\"https:\/\/goldenti.com\/site\/cinco-claves-para-gestionar-con-exito-el-talento-ti\/\"]}]},{\"@type\":\"ImageObject\",\"inLanguage\":\"es\",\"@id\":\"https:\/\/goldenti.com\/site\/cinco-claves-para-gestionar-con-exito-el-talento-ti\/#primaryimage\",\"url\":\"https:\/\/goldenti.com\/site\/wp-content\/uploads\/2020\/01\/gerfdf.jpg\",\"contentUrl\":\"https:\/\/goldenti.com\/site\/wp-content\/uploads\/2020\/01\/gerfdf.jpg\",\"width\":651,\"height\":378},{\"@type\":\"BreadcrumbList\",\"@id\":\"https:\/\/goldenti.com\/site\/cinco-claves-para-gestionar-con-exito-el-talento-ti\/#breadcrumb\",\"itemListElement\":[{\"@type\":\"ListItem\",\"position\":1,\"name\":\"Portada\",\"item\":\"https:\/\/goldenti.com\/site\/\"},{\"@type\":\"ListItem\",\"position\":2,\"name\":\"Cinco claves para gestionar con \u00e9xito el talento TI\"}]},{\"@type\":\"WebSite\",\"@id\":\"https:\/\/goldenti.com\/site\/#website\",\"url\":\"https:\/\/goldenti.com\/site\/\",\"name\":\"\",\"description\":\"\",\"potentialAction\":[{\"@type\":\"SearchAction\",\"target\":{\"@type\":\"EntryPoint\",\"urlTemplate\":\"https:\/\/goldenti.com\/site\/?s={search_term_string}\"},\"query-input\":{\"@type\":\"PropertyValueSpecification\",\"valueRequired\":true,\"valueName\":\"search_term_string\"}}],\"inLanguage\":\"es\"},{\"@type\":\"Person\",\"@id\":\"https:\/\/goldenti.com\/site\/#\/schema\/person\/8190e0425b54b5461126268d75de9409\",\"name\":\"Iris Esparza\",\"image\":{\"@type\":\"ImageObject\",\"inLanguage\":\"es\",\"@id\":\"https:\/\/goldenti.com\/site\/#\/schema\/person\/image\/\",\"url\":\"https:\/\/secure.gravatar.com\/avatar\/ec9f40c0dfa9dc199516d80ef8aac218e84ffeb18d9f3b54b46c273173c12ceb?s=96&d=mm&r=g\",\"contentUrl\":\"https:\/\/secure.gravatar.com\/avatar\/ec9f40c0dfa9dc199516d80ef8aac218e84ffeb18d9f3b54b46c273173c12ceb?s=96&d=mm&r=g\",\"caption\":\"Iris Esparza\"},\"url\":\"https:\/\/goldenti.com\/site\/author\/irisesparza\/\"}]}<\/script>\n<!-- \/ Yoast SEO plugin. -->","yoast_head_json":{"title":"Cinco claves para gestionar con \u00e9xito el talento TI -","robots":{"index":"index","follow":"follow","max-snippet":"max-snippet:-1","max-image-preview":"max-image-preview:large","max-video-preview":"max-video-preview:-1"},"canonical":"https:\/\/goldenti.com\/site\/cinco-claves-para-gestionar-con-exito-el-talento-ti\/","og_locale":"es_ES","og_type":"article","og_title":"Cinco claves para gestionar con \u00e9xito el talento TI -","og_url":"https:\/\/goldenti.com\/site\/cinco-claves-para-gestionar-con-exito-el-talento-ti\/","article_published_time":"2020-01-23T23:24:08+00:00","article_modified_time":"2020-01-23T23:24:11+00:00","og_image":[{"width":651,"height":378,"url":"https:\/\/goldenti.com\/site\/wp-content\/uploads\/2020\/01\/gerfdf.jpg","type":"image\/jpeg"}],"author":"Iris Esparza","twitter_card":"summary_large_image","twitter_misc":{"Escrito por":"Iris Esparza","Tiempo de lectura":"3 minutos"},"schema":{"@context":"https:\/\/schema.org","@graph":[{"@type":"Article","@id":"https:\/\/goldenti.com\/site\/cinco-claves-para-gestionar-con-exito-el-talento-ti\/#article","isPartOf":{"@id":"https:\/\/goldenti.com\/site\/cinco-claves-para-gestionar-con-exito-el-talento-ti\/"},"author":{"name":"Iris Esparza","@id":"https:\/\/goldenti.com\/site\/#\/schema\/person\/8190e0425b54b5461126268d75de9409"},"headline":"Cinco claves para gestionar con \u00e9xito el talento TI","datePublished":"2020-01-23T23:24:08+00:00","dateModified":"2020-01-23T23:24:11+00:00","mainEntityOfPage":{"@id":"https:\/\/goldenti.com\/site\/cinco-claves-para-gestionar-con-exito-el-talento-ti\/"},"wordCount":537,"image":{"@id":"https:\/\/goldenti.com\/site\/cinco-claves-para-gestionar-con-exito-el-talento-ti\/#primaryimage"},"thumbnailUrl":"https:\/\/goldenti.com\/site\/wp-content\/uploads\/2020\/01\/gerfdf.jpg","articleSection":["Noticas"],"inLanguage":"es"},{"@type":"WebPage","@id":"https:\/\/goldenti.com\/site\/cinco-claves-para-gestionar-con-exito-el-talento-ti\/","url":"https:\/\/goldenti.com\/site\/cinco-claves-para-gestionar-con-exito-el-talento-ti\/","name":"Cinco claves para gestionar con \u00e9xito el talento TI -","isPartOf":{"@id":"https:\/\/goldenti.com\/site\/#website"},"primaryImageOfPage":{"@id":"https:\/\/goldenti.com\/site\/cinco-claves-para-gestionar-con-exito-el-talento-ti\/#primaryimage"},"image":{"@id":"https:\/\/goldenti.com\/site\/cinco-claves-para-gestionar-con-exito-el-talento-ti\/#primaryimage"},"thumbnailUrl":"https:\/\/goldenti.com\/site\/wp-content\/uploads\/2020\/01\/gerfdf.jpg","datePublished":"2020-01-23T23:24:08+00:00","dateModified":"2020-01-23T23:24:11+00:00","author":{"@id":"https:\/\/goldenti.com\/site\/#\/schema\/person\/8190e0425b54b5461126268d75de9409"},"breadcrumb":{"@id":"https:\/\/goldenti.com\/site\/cinco-claves-para-gestionar-con-exito-el-talento-ti\/#breadcrumb"},"inLanguage":"es","potentialAction":[{"@type":"ReadAction","target":["https:\/\/goldenti.com\/site\/cinco-claves-para-gestionar-con-exito-el-talento-ti\/"]}]},{"@type":"ImageObject","inLanguage":"es","@id":"https:\/\/goldenti.com\/site\/cinco-claves-para-gestionar-con-exito-el-talento-ti\/#primaryimage","url":"https:\/\/goldenti.com\/site\/wp-content\/uploads\/2020\/01\/gerfdf.jpg","contentUrl":"https:\/\/goldenti.com\/site\/wp-content\/uploads\/2020\/01\/gerfdf.jpg","width":651,"height":378},{"@type":"BreadcrumbList","@id":"https:\/\/goldenti.com\/site\/cinco-claves-para-gestionar-con-exito-el-talento-ti\/#breadcrumb","itemListElement":[{"@type":"ListItem","position":1,"name":"Portada","item":"https:\/\/goldenti.com\/site\/"},{"@type":"ListItem","position":2,"name":"Cinco claves para gestionar con \u00e9xito el talento TI"}]},{"@type":"WebSite","@id":"https:\/\/goldenti.com\/site\/#website","url":"https:\/\/goldenti.com\/site\/","name":"","description":"","potentialAction":[{"@type":"SearchAction","target":{"@type":"EntryPoint","urlTemplate":"https:\/\/goldenti.com\/site\/?s={search_term_string}"},"query-input":{"@type":"PropertyValueSpecification","valueRequired":true,"valueName":"search_term_string"}}],"inLanguage":"es"},{"@type":"Person","@id":"https:\/\/goldenti.com\/site\/#\/schema\/person\/8190e0425b54b5461126268d75de9409","name":"Iris Esparza","image":{"@type":"ImageObject","inLanguage":"es","@id":"https:\/\/goldenti.com\/site\/#\/schema\/person\/image\/","url":"https:\/\/secure.gravatar.com\/avatar\/ec9f40c0dfa9dc199516d80ef8aac218e84ffeb18d9f3b54b46c273173c12ceb?s=96&d=mm&r=g","contentUrl":"https:\/\/secure.gravatar.com\/avatar\/ec9f40c0dfa9dc199516d80ef8aac218e84ffeb18d9f3b54b46c273173c12ceb?s=96&d=mm&r=g","caption":"Iris Esparza"},"url":"https:\/\/goldenti.com\/site\/author\/irisesparza\/"}]}},"_links":{"self":[{"href":"https:\/\/goldenti.com\/site\/wp-json\/wp\/v2\/posts\/23524","targetHints":{"allow":["GET"]}}],"collection":[{"href":"https:\/\/goldenti.com\/site\/wp-json\/wp\/v2\/posts"}],"about":[{"href":"https:\/\/goldenti.com\/site\/wp-json\/wp\/v2\/types\/post"}],"author":[{"embeddable":true,"href":"https:\/\/goldenti.com\/site\/wp-json\/wp\/v2\/users\/12"}],"replies":[{"embeddable":true,"href":"https:\/\/goldenti.com\/site\/wp-json\/wp\/v2\/comments?post=23524"}],"version-history":[{"count":1,"href":"https:\/\/goldenti.com\/site\/wp-json\/wp\/v2\/posts\/23524\/revisions"}],"predecessor-version":[{"id":23526,"href":"https:\/\/goldenti.com\/site\/wp-json\/wp\/v2\/posts\/23524\/revisions\/23526"}],"wp:featuredmedia":[{"embeddable":true,"href":"https:\/\/goldenti.com\/site\/wp-json\/wp\/v2\/media\/23525"}],"wp:attachment":[{"href":"https:\/\/goldenti.com\/site\/wp-json\/wp\/v2\/media?parent=23524"}],"wp:term":[{"taxonomy":"category","embeddable":true,"href":"https:\/\/goldenti.com\/site\/wp-json\/wp\/v2\/categories?post=23524"},{"taxonomy":"post_tag","embeddable":true,"href":"https:\/\/goldenti.com\/site\/wp-json\/wp\/v2\/tags?post=23524"}],"curies":[{"name":"wp","href":"https:\/\/api.w.org\/{rel}","templated":true}]}}