{"id":23530,"date":"2020-01-24T15:11:49","date_gmt":"2020-01-24T21:11:49","guid":{"rendered":"https:\/\/goldenti.com\/site\/?p=23530"},"modified":"2020-01-24T15:11:51","modified_gmt":"2020-01-24T21:11:51","slug":"apple-estrenaria-el-proximo-iphone-pro-12-en-color-azul-marino","status":"publish","type":"post","link":"https:\/\/goldenti.com\/site\/apple-estrenaria-el-proximo-iphone-pro-12-en-color-azul-marino\/","title":{"rendered":"Apple estrenar\u00eda el pr\u00f3ximo iPhone Pro 12 en color \u2018azul marino\u2019"},"content":{"rendered":"\n<p>De acuerdo al escritor y filtrador de XDA Developers Max Weinbach, el azul marino podr\u00eda reemplazar el acabado verde medianoche.<\/p>\n<p>Al menos un modelo de iPhone 12 tendr\u00e1 el nuevo acabado en \u2018azul marino\u2019 (Navy Blue), y los fan\u00e1ticos podr\u00edan quedarse sin el \u2018verde medianoche\u2019 disponible en los modelos iPhone 11 Pro, seg\u00fan indican expertos en filtraciones de la marca.<\/p>\n<p>De acuerdo al escritor y filtrador de XDA Developers Max Weinbach, quien comparti\u00f3 su informaci\u00f3n con el canal de\u00a0<a href=\"https:\/\/youtu.be\/mQ8fP9xhv2g\" target=\"_blank\" rel=\"noopener noreferrer\">YouTube EverythingApplePro<\/a>, el azul marino podr\u00eda reemplazar el acabado verde medianoche.<\/p>\n<p>En sinton\u00eda con esto, EverythingApplePro cre\u00f3 un render de c\u00f3mo podr\u00eda ser el iPhone 12 Pro en azul marino.<\/p>\n<p>Weinbach ha revelado con precisi\u00f3n un nuevo color de iPhone en el pasado. En mayo de 2019, a trav\u00e9s de su cuenta de Twitter PineLeaks, dijo que el sucesor del iPhone XR vendr\u00eda en un nuevo color verde claro.<\/p>\n<p>Sin embargo, dijo que la opci\u00f3n verde reemplazar\u00eda al amarillo, y el iPhone 11 est\u00e1 disponible tanto en verde como en amarillo.<\/p>\n<p>Weinbach tambi\u00e9n predijo con precisi\u00f3n que la pesta\u00f1a de volumen de HUD ser\u00eda menos \u2018molesta\u2019 en iOS 13, pero tambi\u00e9n comparti\u00f3 varios rumores relacionados con Apple que no dieron resultado, incluido el iPad obteniendo una aplicaci\u00f3n de Calculadora nativa en iOS 13 y el lanzamiento de HomePod en Austria e Italia en 2019.<\/p>\n<p>De acuerdo a\u00a0<a href=\"https:\/\/www.macrumors.com\/2020\/01\/22\/navy-blue-iphone-12-color-rumor\" target=\"_blank\" rel=\"noopener noreferrer\">MacRumours<\/a>, Apple planea lanzar cinco nuevos modelos de iPhone en 2020, incluido el llamado \u201ciPhone 9\u201d o \u201ciPhone SE 2\u201d con una pantalla de 4.7 pulgadas en la primavera y una l\u00ednea OLED y 5G de gama alta con un 5.4 modelo de dos pulgadas, dos modelos de 6.1 pulgadas y un modelo de 6.7 pulgadas en el oto\u00f1o, seg\u00fan el analista Ming-Chi Kuo.<\/p>\n<p>Fuente: forbes.com.mx<\/p>\n","protected":false},"excerpt":{"rendered":"","protected":false},"author":12,"featured_media":23531,"comment_status":"closed","ping_status":"closed","sticky":false,"template":"","format":"standard","meta":{"footnotes":""},"categories":[4],"tags":[],"class_list":["post-23530","post","type-post","status-publish","format-standard","has-post-thumbnail","hentry","category-noticas"],"yoast_head":"<!-- This site is optimized with the Yoast SEO plugin v27.1.1 - https:\/\/yoast.com\/product\/yoast-seo-wordpress\/ -->\n<title>Apple estrenar\u00eda el pr\u00f3ximo iPhone Pro 12 en color \u2018azul marino\u2019 -<\/title>\n<meta name=\"robots\" content=\"index, follow, max-snippet:-1, max-image-preview:large, max-video-preview:-1\" \/>\n<link rel=\"canonical\" href=\"https:\/\/goldenti.com\/site\/apple-estrenaria-el-proximo-iphone-pro-12-en-color-azul-marino\/\" \/>\n<meta property=\"og:locale\" content=\"es_ES\" \/>\n<meta property=\"og:type\" content=\"article\" \/>\n<meta property=\"og:title\" content=\"Apple estrenar\u00eda el pr\u00f3ximo iPhone Pro 12 en color \u2018azul marino\u2019 -\" \/>\n<meta property=\"og:url\" content=\"https:\/\/goldenti.com\/site\/apple-estrenaria-el-proximo-iphone-pro-12-en-color-azul-marino\/\" \/>\n<meta property=\"article:published_time\" content=\"2020-01-24T21:11:49+00:00\" \/>\n<meta property=\"article:modified_time\" content=\"2020-01-24T21:11:51+00:00\" \/>\n<meta property=\"og:image\" content=\"https:\/\/goldenti.com\/site\/wp-content\/uploads\/2020\/01\/IPhone-12.jpg\" \/>\n\t<meta property=\"og:image:width\" content=\"854\" \/>\n\t<meta property=\"og:image:height\" content=\"479\" \/>\n\t<meta property=\"og:image:type\" content=\"image\/jpeg\" \/>\n<meta name=\"author\" content=\"Iris Esparza\" \/>\n<meta name=\"twitter:card\" content=\"summary_large_image\" \/>\n<meta name=\"twitter:label1\" content=\"Escrito por\" \/>\n\t<meta name=\"twitter:data1\" content=\"Iris Esparza\" \/>\n\t<meta name=\"twitter:label2\" content=\"Tiempo de lectura\" \/>\n\t<meta name=\"twitter:data2\" content=\"2 minutos\" \/>\n<script type=\"application\/ld+json\" class=\"yoast-schema-graph\">{\"@context\":\"https:\/\/schema.org\",\"@graph\":[{\"@type\":\"Article\",\"@id\":\"https:\/\/goldenti.com\/site\/apple-estrenaria-el-proximo-iphone-pro-12-en-color-azul-marino\/#article\",\"isPartOf\":{\"@id\":\"https:\/\/goldenti.com\/site\/apple-estrenaria-el-proximo-iphone-pro-12-en-color-azul-marino\/\"},\"author\":{\"name\":\"Iris Esparza\",\"@id\":\"https:\/\/goldenti.com\/site\/#\/schema\/person\/8190e0425b54b5461126268d75de9409\"},\"headline\":\"Apple estrenar\u00eda el pr\u00f3ximo iPhone Pro 12 en color \u2018azul marino\u2019\",\"datePublished\":\"2020-01-24T21:11:49+00:00\",\"dateModified\":\"2020-01-24T21:11:51+00:00\",\"mainEntityOfPage\":{\"@id\":\"https:\/\/goldenti.com\/site\/apple-estrenaria-el-proximo-iphone-pro-12-en-color-azul-marino\/\"},\"wordCount\":314,\"image\":{\"@id\":\"https:\/\/goldenti.com\/site\/apple-estrenaria-el-proximo-iphone-pro-12-en-color-azul-marino\/#primaryimage\"},\"thumbnailUrl\":\"https:\/\/goldenti.com\/site\/wp-content\/uploads\/2020\/01\/IPhone-12.jpg\",\"articleSection\":[\"Noticas\"],\"inLanguage\":\"es\"},{\"@type\":\"WebPage\",\"@id\":\"https:\/\/goldenti.com\/site\/apple-estrenaria-el-proximo-iphone-pro-12-en-color-azul-marino\/\",\"url\":\"https:\/\/goldenti.com\/site\/apple-estrenaria-el-proximo-iphone-pro-12-en-color-azul-marino\/\",\"name\":\"Apple estrenar\u00eda el pr\u00f3ximo iPhone Pro 12 en color \u2018azul marino\u2019 -\",\"isPartOf\":{\"@id\":\"https:\/\/goldenti.com\/site\/#website\"},\"primaryImageOfPage\":{\"@id\":\"https:\/\/goldenti.com\/site\/apple-estrenaria-el-proximo-iphone-pro-12-en-color-azul-marino\/#primaryimage\"},\"image\":{\"@id\":\"https:\/\/goldenti.com\/site\/apple-estrenaria-el-proximo-iphone-pro-12-en-color-azul-marino\/#primaryimage\"},\"thumbnailUrl\":\"https:\/\/goldenti.com\/site\/wp-content\/uploads\/2020\/01\/IPhone-12.jpg\",\"datePublished\":\"2020-01-24T21:11:49+00:00\",\"dateModified\":\"2020-01-24T21:11:51+00:00\",\"author\":{\"@id\":\"https:\/\/goldenti.com\/site\/#\/schema\/person\/8190e0425b54b5461126268d75de9409\"},\"breadcrumb\":{\"@id\":\"https:\/\/goldenti.com\/site\/apple-estrenaria-el-proximo-iphone-pro-12-en-color-azul-marino\/#breadcrumb\"},\"inLanguage\":\"es\",\"potentialAction\":[{\"@type\":\"ReadAction\",\"target\":[\"https:\/\/goldenti.com\/site\/apple-estrenaria-el-proximo-iphone-pro-12-en-color-azul-marino\/\"]}]},{\"@type\":\"ImageObject\",\"inLanguage\":\"es\",\"@id\":\"https:\/\/goldenti.com\/site\/apple-estrenaria-el-proximo-iphone-pro-12-en-color-azul-marino\/#primaryimage\",\"url\":\"https:\/\/goldenti.com\/site\/wp-content\/uploads\/2020\/01\/IPhone-12.jpg\",\"contentUrl\":\"https:\/\/goldenti.com\/site\/wp-content\/uploads\/2020\/01\/IPhone-12.jpg\",\"width\":854,\"height\":479},{\"@type\":\"BreadcrumbList\",\"@id\":\"https:\/\/goldenti.com\/site\/apple-estrenaria-el-proximo-iphone-pro-12-en-color-azul-marino\/#breadcrumb\",\"itemListElement\":[{\"@type\":\"ListItem\",\"position\":1,\"name\":\"Portada\",\"item\":\"https:\/\/goldenti.com\/site\/\"},{\"@type\":\"ListItem\",\"position\":2,\"name\":\"Apple estrenar\u00eda el pr\u00f3ximo iPhone Pro 12 en color \u2018azul marino\u2019\"}]},{\"@type\":\"WebSite\",\"@id\":\"https:\/\/goldenti.com\/site\/#website\",\"url\":\"https:\/\/goldenti.com\/site\/\",\"name\":\"\",\"description\":\"\",\"potentialAction\":[{\"@type\":\"SearchAction\",\"target\":{\"@type\":\"EntryPoint\",\"urlTemplate\":\"https:\/\/goldenti.com\/site\/?s={search_term_string}\"},\"query-input\":{\"@type\":\"PropertyValueSpecification\",\"valueRequired\":true,\"valueName\":\"search_term_string\"}}],\"inLanguage\":\"es\"},{\"@type\":\"Person\",\"@id\":\"https:\/\/goldenti.com\/site\/#\/schema\/person\/8190e0425b54b5461126268d75de9409\",\"name\":\"Iris Esparza\",\"image\":{\"@type\":\"ImageObject\",\"inLanguage\":\"es\",\"@id\":\"https:\/\/goldenti.com\/site\/#\/schema\/person\/image\/\",\"url\":\"https:\/\/secure.gravatar.com\/avatar\/ec9f40c0dfa9dc199516d80ef8aac218e84ffeb18d9f3b54b46c273173c12ceb?s=96&d=mm&r=g\",\"contentUrl\":\"https:\/\/secure.gravatar.com\/avatar\/ec9f40c0dfa9dc199516d80ef8aac218e84ffeb18d9f3b54b46c273173c12ceb?s=96&d=mm&r=g\",\"caption\":\"Iris Esparza\"},\"url\":\"https:\/\/goldenti.com\/site\/author\/irisesparza\/\"}]}<\/script>\n<!-- \/ Yoast SEO plugin. -->","yoast_head_json":{"title":"Apple estrenar\u00eda el pr\u00f3ximo iPhone Pro 12 en color \u2018azul marino\u2019 -","robots":{"index":"index","follow":"follow","max-snippet":"max-snippet:-1","max-image-preview":"max-image-preview:large","max-video-preview":"max-video-preview:-1"},"canonical":"https:\/\/goldenti.com\/site\/apple-estrenaria-el-proximo-iphone-pro-12-en-color-azul-marino\/","og_locale":"es_ES","og_type":"article","og_title":"Apple estrenar\u00eda el pr\u00f3ximo iPhone Pro 12 en color \u2018azul marino\u2019 -","og_url":"https:\/\/goldenti.com\/site\/apple-estrenaria-el-proximo-iphone-pro-12-en-color-azul-marino\/","article_published_time":"2020-01-24T21:11:49+00:00","article_modified_time":"2020-01-24T21:11:51+00:00","og_image":[{"width":854,"height":479,"url":"https:\/\/goldenti.com\/site\/wp-content\/uploads\/2020\/01\/IPhone-12.jpg","type":"image\/jpeg"}],"author":"Iris Esparza","twitter_card":"summary_large_image","twitter_misc":{"Escrito por":"Iris Esparza","Tiempo de lectura":"2 minutos"},"schema":{"@context":"https:\/\/schema.org","@graph":[{"@type":"Article","@id":"https:\/\/goldenti.com\/site\/apple-estrenaria-el-proximo-iphone-pro-12-en-color-azul-marino\/#article","isPartOf":{"@id":"https:\/\/goldenti.com\/site\/apple-estrenaria-el-proximo-iphone-pro-12-en-color-azul-marino\/"},"author":{"name":"Iris Esparza","@id":"https:\/\/goldenti.com\/site\/#\/schema\/person\/8190e0425b54b5461126268d75de9409"},"headline":"Apple estrenar\u00eda el pr\u00f3ximo iPhone Pro 12 en color \u2018azul marino\u2019","datePublished":"2020-01-24T21:11:49+00:00","dateModified":"2020-01-24T21:11:51+00:00","mainEntityOfPage":{"@id":"https:\/\/goldenti.com\/site\/apple-estrenaria-el-proximo-iphone-pro-12-en-color-azul-marino\/"},"wordCount":314,"image":{"@id":"https:\/\/goldenti.com\/site\/apple-estrenaria-el-proximo-iphone-pro-12-en-color-azul-marino\/#primaryimage"},"thumbnailUrl":"https:\/\/goldenti.com\/site\/wp-content\/uploads\/2020\/01\/IPhone-12.jpg","articleSection":["Noticas"],"inLanguage":"es"},{"@type":"WebPage","@id":"https:\/\/goldenti.com\/site\/apple-estrenaria-el-proximo-iphone-pro-12-en-color-azul-marino\/","url":"https:\/\/goldenti.com\/site\/apple-estrenaria-el-proximo-iphone-pro-12-en-color-azul-marino\/","name":"Apple estrenar\u00eda el pr\u00f3ximo iPhone Pro 12 en color \u2018azul marino\u2019 -","isPartOf":{"@id":"https:\/\/goldenti.com\/site\/#website"},"primaryImageOfPage":{"@id":"https:\/\/goldenti.com\/site\/apple-estrenaria-el-proximo-iphone-pro-12-en-color-azul-marino\/#primaryimage"},"image":{"@id":"https:\/\/goldenti.com\/site\/apple-estrenaria-el-proximo-iphone-pro-12-en-color-azul-marino\/#primaryimage"},"thumbnailUrl":"https:\/\/goldenti.com\/site\/wp-content\/uploads\/2020\/01\/IPhone-12.jpg","datePublished":"2020-01-24T21:11:49+00:00","dateModified":"2020-01-24T21:11:51+00:00","author":{"@id":"https:\/\/goldenti.com\/site\/#\/schema\/person\/8190e0425b54b5461126268d75de9409"},"breadcrumb":{"@id":"https:\/\/goldenti.com\/site\/apple-estrenaria-el-proximo-iphone-pro-12-en-color-azul-marino\/#breadcrumb"},"inLanguage":"es","potentialAction":[{"@type":"ReadAction","target":["https:\/\/goldenti.com\/site\/apple-estrenaria-el-proximo-iphone-pro-12-en-color-azul-marino\/"]}]},{"@type":"ImageObject","inLanguage":"es","@id":"https:\/\/goldenti.com\/site\/apple-estrenaria-el-proximo-iphone-pro-12-en-color-azul-marino\/#primaryimage","url":"https:\/\/goldenti.com\/site\/wp-content\/uploads\/2020\/01\/IPhone-12.jpg","contentUrl":"https:\/\/goldenti.com\/site\/wp-content\/uploads\/2020\/01\/IPhone-12.jpg","width":854,"height":479},{"@type":"BreadcrumbList","@id":"https:\/\/goldenti.com\/site\/apple-estrenaria-el-proximo-iphone-pro-12-en-color-azul-marino\/#breadcrumb","itemListElement":[{"@type":"ListItem","position":1,"name":"Portada","item":"https:\/\/goldenti.com\/site\/"},{"@type":"ListItem","position":2,"name":"Apple estrenar\u00eda el pr\u00f3ximo iPhone Pro 12 en color \u2018azul marino\u2019"}]},{"@type":"WebSite","@id":"https:\/\/goldenti.com\/site\/#website","url":"https:\/\/goldenti.com\/site\/","name":"","description":"","potentialAction":[{"@type":"SearchAction","target":{"@type":"EntryPoint","urlTemplate":"https:\/\/goldenti.com\/site\/?s={search_term_string}"},"query-input":{"@type":"PropertyValueSpecification","valueRequired":true,"valueName":"search_term_string"}}],"inLanguage":"es"},{"@type":"Person","@id":"https:\/\/goldenti.com\/site\/#\/schema\/person\/8190e0425b54b5461126268d75de9409","name":"Iris Esparza","image":{"@type":"ImageObject","inLanguage":"es","@id":"https:\/\/goldenti.com\/site\/#\/schema\/person\/image\/","url":"https:\/\/secure.gravatar.com\/avatar\/ec9f40c0dfa9dc199516d80ef8aac218e84ffeb18d9f3b54b46c273173c12ceb?s=96&d=mm&r=g","contentUrl":"https:\/\/secure.gravatar.com\/avatar\/ec9f40c0dfa9dc199516d80ef8aac218e84ffeb18d9f3b54b46c273173c12ceb?s=96&d=mm&r=g","caption":"Iris Esparza"},"url":"https:\/\/goldenti.com\/site\/author\/irisesparza\/"}]}},"_links":{"self":[{"href":"https:\/\/goldenti.com\/site\/wp-json\/wp\/v2\/posts\/23530","targetHints":{"allow":["GET"]}}],"collection":[{"href":"https:\/\/goldenti.com\/site\/wp-json\/wp\/v2\/posts"}],"about":[{"href":"https:\/\/goldenti.com\/site\/wp-json\/wp\/v2\/types\/post"}],"author":[{"embeddable":true,"href":"https:\/\/goldenti.com\/site\/wp-json\/wp\/v2\/users\/12"}],"replies":[{"embeddable":true,"href":"https:\/\/goldenti.com\/site\/wp-json\/wp\/v2\/comments?post=23530"}],"version-history":[{"count":1,"href":"https:\/\/goldenti.com\/site\/wp-json\/wp\/v2\/posts\/23530\/revisions"}],"predecessor-version":[{"id":23532,"href":"https:\/\/goldenti.com\/site\/wp-json\/wp\/v2\/posts\/23530\/revisions\/23532"}],"wp:featuredmedia":[{"embeddable":true,"href":"https:\/\/goldenti.com\/site\/wp-json\/wp\/v2\/media\/23531"}],"wp:attachment":[{"href":"https:\/\/goldenti.com\/site\/wp-json\/wp\/v2\/media?parent=23530"}],"wp:term":[{"taxonomy":"category","embeddable":true,"href":"https:\/\/goldenti.com\/site\/wp-json\/wp\/v2\/categories?post=23530"},{"taxonomy":"post_tag","embeddable":true,"href":"https:\/\/goldenti.com\/site\/wp-json\/wp\/v2\/tags?post=23530"}],"curies":[{"name":"wp","href":"https:\/\/api.w.org\/{rel}","templated":true}]}}