{"id":25193,"date":"2020-10-07T16:10:58","date_gmt":"2020-10-07T22:10:58","guid":{"rendered":"https:\/\/goldenti.com\/site\/?p=25193"},"modified":"2020-10-07T16:11:01","modified_gmt":"2020-10-07T22:11:01","slug":"intel-retrasa-las-cpus-que-lucharan-con-amd-zen-3-hasta-2021","status":"publish","type":"post","link":"https:\/\/goldenti.com\/site\/intel-retrasa-las-cpus-que-lucharan-con-amd-zen-3-hasta-2021\/","title":{"rendered":"Intel retrasa las CPUs que luchar\u00e1n con AMD Zen 3, \u00a1hasta 2021!"},"content":{"rendered":"\n<figure class=\"wp-block-image\"><img decoding=\"async\" src=\"https:\/\/hardzone.es\/app\/uploads-hardzone.es\/2020\/10\/Intel-Core-11-Gen.jpg\" alt=\"Intel-Core-11-Gen\" \/><\/figure>\n\n\n\n<p>Las filtraciones han ido lanz\u00e1ndose en meses anteriores y como tal, muchos de los detalles de las nuevas CPU de Intel para gaming est\u00e1n sobre la mesa. Rocket Lake-S debe ser por serie el rival directo de Zen 3, ya que impulsar\u00e1 a la compa\u00f1\u00eda hacia una nueva era, donde los&nbsp;<strong>14 nm ++<\/strong>&nbsp;llegan a su fin, pero \u00bfpor qu\u00e9 retrasar unos procesadores que deber\u00edan estar en plena fase de producci\u00f3n? \u00bfpor qu\u00e9 dejar a AMD meses sola en el mercado?<\/p>\n\n\n\n<p>Como sabemos, para gaming actualmente y a la espera de los datos de AMD de ma\u00f1ana en su presentaci\u00f3n de Zen 3, si queremos el mejor rendimiento en gaming hemos de optar por una CPU Intel de d\u00e9cima generaci\u00f3n. Aunque estas CPUs ya llevan tiempo con nosotros, es m\u00e1s que probable que AMD con sus nuevos&nbsp;<strong>Ryzen 5000<\/strong>&nbsp;les adelanten por la derecha, entonces, \u00bfpor qu\u00e9 retrasar una arquitectura que deber\u00eda estar ya terminada?<\/p>\n\n\n\n<h2 class=\"wp-block-heading\">Rocket Lake-S y sus chipsets de la serie 500, \u00bfen 2021?<\/h2>\n\n\n\n<div class=\"wp-block-image\"><figure class=\"aligncenter\"><img decoding=\"async\" src=\"https:\/\/hardzone.es\/app\/uploads-hardzone.es\/2020\/03\/Intel-Rocket-Lake-S-Featured-Image.jpg\" alt=\"Intel-Rocket-Lake-S-Featured-Image\" class=\"wp-image-393874\" \/><\/figure><\/div>\n\n\n\n<p>La 11\u00aa Generaci\u00f3n de procesadores para escritorio har\u00e1 su debut, si las fuentes no fallan, en alg\u00fan punto del mes de abril del a\u00f1o que viene. O al menos eso refleja la diapositiva filtrada de la hora de ruta que han recibido algunos socios de Intel.<\/p>\n\n\n\n<p>Dicha diapositiva refleja un retraso considerable por parte de Intel con esta nueva serie, donde recordemos, Rocket Lake-S estar\u00eda en principio preparado para ser lanzado a finales de este a\u00f1o. Podemos ver como Intel espera lanzar toda una nueva l\u00ednea de chipsets de sustituci\u00f3n a los ya veteranos de la serie 400, un movimiento t\u00edpico de la compa\u00f1\u00eda al que AMD se le ha sumado viendo que los usuarios pasan por el aro en la gran mayor\u00eda de casos.<\/p>\n\n\n\n<p>No habr\u00e1 muchas novedades en estos chipsets realmente, ya que son un simple refresco de la serie anterior, pero aun as\u00ed tendr\u00e1n la novedad de ser los primeros en soportar&nbsp;<strong>PCIe 4.0<\/strong>&nbsp;de forma nativa, una verdad entre comillas, puesto que muchas placas base y los propios chipsets de la serie 400 ya vienen preparados para ello.<\/p>\n\n\n\n<h3 class=\"wp-block-heading\">Cinco nuevos chipsets para cubrir todo el mercado<\/h3>\n\n\n\n<div class=\"wp-block-image\"><figure class=\"aligncenter\"><img decoding=\"async\" src=\"https:\/\/hardzone.es\/app\/uploads-hardzone.es\/2020\/10\/Intel-Chipset-serie-500-Rocket-Lake-S.jpg\" alt=\"Intel-Chipset-serie-500-Rocket-Lake-S\" class=\"wp-image-496849\" \/><\/figure><\/div>\n\n\n\n<p>Los nuevos chipsets son:&nbsp;<strong>H510, B560, H570, Z590 y W580<\/strong>, por lo que Intel solo mantendr\u00eda en el mercado al Q470 para PC de escritorio comerciales. Este movimiento tambi\u00e9n desconcierta un poco, ya que retrasar el Q570 obligar\u00eda a los fabricantes a tener actualizaciones de BIOS para la salida de los procesadores, manteniendo la misma l\u00ednea de producci\u00f3n cuando todos se han movido.<\/p>\n\n\n\n<p>En cualquier caso, todos los chipsets llegar\u00e1n bajo el proceso litogr\u00e1fico de 14 nm de la compa\u00f1\u00eda, por lo que se espera que el hecho de incluir PCIe 4.0 no repercuta en disipaci\u00f3n activa como tal. En cuanto a las CPU Rocket Lake-S, ser\u00e1 por fin el momento en el que Intel deje atr\u00e1s Skylake como micro arquitectura de n\u00facleo, dando paso a una nueva era con Cypress Cove y Xe como iGPU, por lo que deber\u00edamos esperar un salto de rendimiento de dos cifras en&nbsp;<a href=\"https:\/\/hardzone.es\/reportajes\/que-es\/ipc-procesador-rendimiento\/\">IPC<\/a>.<\/p>\n\n\n\n<div class=\"wp-block-image\"><figure class=\"aligncenter\"><img decoding=\"async\" src=\"https:\/\/hardzone.es\/app\/uploads-hardzone.es\/2020\/10\/Intel-Rocket-Lake-S-Cypress-Cove.jpg\" alt=\"Intel-Rocket-Lake-S-Cypress-Cove\" class=\"wp-image-496861\" \/><\/figure><\/div>\n\n\n\n<p>Las dudas est\u00e1n puestas l\u00f3gicamente en si ser\u00e1n capaces de derrotar a AMD, ya que los rumores apuntan a una configuraci\u00f3n de n\u00facleos m\u00e1xima de 8, en contra de los 10 que tiene ahora en el mercado con el i9-10900K, algo que para gaming seguramente no sea muy representativo si el IPC y la frecuencia aumentan, pero en renders es dif\u00edcilmente justificable.<\/p>\n\n\n\n<p>Pase lo que pase, la vara de medir la va a poner ma\u00f1ana AMD, ahora necesitamos saber cu\u00e1n arriba la va a llevar, porque si los pocos datos que se han filtrado son correctos, Intel tiene un serio problema para el a\u00f1o que viene.<\/p>\n\n\n\n<p>Fuente: hardzone.es\/noticias\/procesadores\/intel-rocket-lake-s-retrasos-2021\/<\/p>\n","protected":false},"excerpt":{"rendered":"<p>Las filtraciones han ido lanz\u00e1ndose en meses anteriores y como tal, muchos de los detalles de [&hellip;]<\/p>\n","protected":false},"author":13,"featured_media":25194,"comment_status":"closed","ping_status":"closed","sticky":false,"template":"","format":"standard","meta":{"footnotes":""},"categories":[1],"tags":[],"class_list":["post-25193","post","type-post","status-publish","format-standard","has-post-thumbnail","hentry","category-sin-categoria"],"yoast_head":"<!-- This site is optimized with the Yoast SEO plugin v27.1.1 - https:\/\/yoast.com\/product\/yoast-seo-wordpress\/ -->\n<title>Intel retrasa las CPUs que luchar\u00e1n con AMD Zen 3, \u00a1hasta 2021! -<\/title>\n<meta name=\"robots\" content=\"index, follow, max-snippet:-1, max-image-preview:large, max-video-preview:-1\" \/>\n<link rel=\"canonical\" href=\"https:\/\/goldenti.com\/site\/intel-retrasa-las-cpus-que-lucharan-con-amd-zen-3-hasta-2021\/\" \/>\n<meta property=\"og:locale\" content=\"es_ES\" \/>\n<meta property=\"og:type\" content=\"article\" \/>\n<meta property=\"og:title\" content=\"Intel retrasa las CPUs que luchar\u00e1n con AMD Zen 3, \u00a1hasta 2021! -\" \/>\n<meta property=\"og:description\" content=\"Las filtraciones han ido lanz\u00e1ndose en meses anteriores y como tal, muchos de los detalles de [&hellip;]\" \/>\n<meta property=\"og:url\" content=\"https:\/\/goldenti.com\/site\/intel-retrasa-las-cpus-que-lucharan-con-amd-zen-3-hasta-2021\/\" \/>\n<meta property=\"article:published_time\" content=\"2020-10-07T22:10:58+00:00\" \/>\n<meta property=\"article:modified_time\" content=\"2020-10-07T22:11:01+00:00\" \/>\n<meta property=\"og:image\" content=\"https:\/\/goldenti.com\/site\/wp-content\/uploads\/2020\/10\/Captura-12.png\" \/>\n\t<meta property=\"og:image:width\" content=\"633\" \/>\n\t<meta property=\"og:image:height\" content=\"331\" \/>\n\t<meta property=\"og:image:type\" content=\"image\/png\" \/>\n<meta name=\"twitter:card\" content=\"summary_large_image\" \/>\n<meta name=\"twitter:label1\" content=\"Escrito por\" \/>\n\t<meta name=\"twitter:data1\" content=\"\" \/>\n\t<meta name=\"twitter:label2\" content=\"Tiempo de lectura\" \/>\n\t<meta name=\"twitter:data2\" content=\"3 minutos\" \/>\n<script type=\"application\/ld+json\" class=\"yoast-schema-graph\">{\"@context\":\"https:\/\/schema.org\",\"@graph\":[{\"@type\":\"Article\",\"@id\":\"https:\/\/goldenti.com\/site\/intel-retrasa-las-cpus-que-lucharan-con-amd-zen-3-hasta-2021\/#article\",\"isPartOf\":{\"@id\":\"https:\/\/goldenti.com\/site\/intel-retrasa-las-cpus-que-lucharan-con-amd-zen-3-hasta-2021\/\"},\"author\":{\"name\":\"\",\"@id\":\"\"},\"headline\":\"Intel retrasa las CPUs que luchar\u00e1n con AMD Zen 3, \u00a1hasta 2021!\",\"datePublished\":\"2020-10-07T22:10:58+00:00\",\"dateModified\":\"2020-10-07T22:11:01+00:00\",\"mainEntityOfPage\":{\"@id\":\"https:\/\/goldenti.com\/site\/intel-retrasa-las-cpus-que-lucharan-con-amd-zen-3-hasta-2021\/\"},\"wordCount\":669,\"image\":{\"@id\":\"https:\/\/goldenti.com\/site\/intel-retrasa-las-cpus-que-lucharan-con-amd-zen-3-hasta-2021\/#primaryimage\"},\"thumbnailUrl\":\"https:\/\/goldenti.com\/site\/wp-content\/uploads\/2020\/10\/Captura-12.png\",\"inLanguage\":\"es\"},{\"@type\":\"WebPage\",\"@id\":\"https:\/\/goldenti.com\/site\/intel-retrasa-las-cpus-que-lucharan-con-amd-zen-3-hasta-2021\/\",\"url\":\"https:\/\/goldenti.com\/site\/intel-retrasa-las-cpus-que-lucharan-con-amd-zen-3-hasta-2021\/\",\"name\":\"Intel retrasa las CPUs que luchar\u00e1n con AMD Zen 3, \u00a1hasta 2021! -\",\"isPartOf\":{\"@id\":\"https:\/\/goldenti.com\/site\/#website\"},\"primaryImageOfPage\":{\"@id\":\"https:\/\/goldenti.com\/site\/intel-retrasa-las-cpus-que-lucharan-con-amd-zen-3-hasta-2021\/#primaryimage\"},\"image\":{\"@id\":\"https:\/\/goldenti.com\/site\/intel-retrasa-las-cpus-que-lucharan-con-amd-zen-3-hasta-2021\/#primaryimage\"},\"thumbnailUrl\":\"https:\/\/goldenti.com\/site\/wp-content\/uploads\/2020\/10\/Captura-12.png\",\"datePublished\":\"2020-10-07T22:10:58+00:00\",\"dateModified\":\"2020-10-07T22:11:01+00:00\",\"author\":{\"@id\":\"\"},\"breadcrumb\":{\"@id\":\"https:\/\/goldenti.com\/site\/intel-retrasa-las-cpus-que-lucharan-con-amd-zen-3-hasta-2021\/#breadcrumb\"},\"inLanguage\":\"es\",\"potentialAction\":[{\"@type\":\"ReadAction\",\"target\":[\"https:\/\/goldenti.com\/site\/intel-retrasa-las-cpus-que-lucharan-con-amd-zen-3-hasta-2021\/\"]}]},{\"@type\":\"ImageObject\",\"inLanguage\":\"es\",\"@id\":\"https:\/\/goldenti.com\/site\/intel-retrasa-las-cpus-que-lucharan-con-amd-zen-3-hasta-2021\/#primaryimage\",\"url\":\"https:\/\/goldenti.com\/site\/wp-content\/uploads\/2020\/10\/Captura-12.png\",\"contentUrl\":\"https:\/\/goldenti.com\/site\/wp-content\/uploads\/2020\/10\/Captura-12.png\",\"width\":633,\"height\":331},{\"@type\":\"BreadcrumbList\",\"@id\":\"https:\/\/goldenti.com\/site\/intel-retrasa-las-cpus-que-lucharan-con-amd-zen-3-hasta-2021\/#breadcrumb\",\"itemListElement\":[{\"@type\":\"ListItem\",\"position\":1,\"name\":\"Portada\",\"item\":\"https:\/\/goldenti.com\/site\/\"},{\"@type\":\"ListItem\",\"position\":2,\"name\":\"Intel retrasa las CPUs que luchar\u00e1n con AMD Zen 3, \u00a1hasta 2021!\"}]},{\"@type\":\"WebSite\",\"@id\":\"https:\/\/goldenti.com\/site\/#website\",\"url\":\"https:\/\/goldenti.com\/site\/\",\"name\":\"\",\"description\":\"\",\"potentialAction\":[{\"@type\":\"SearchAction\",\"target\":{\"@type\":\"EntryPoint\",\"urlTemplate\":\"https:\/\/goldenti.com\/site\/?s={search_term_string}\"},\"query-input\":{\"@type\":\"PropertyValueSpecification\",\"valueRequired\":true,\"valueName\":\"search_term_string\"}}],\"inLanguage\":\"es\"},{\"@type\":\"Person\",\"@id\":\"\",\"url\":\"https:\/\/goldenti.com\/site\/author\/\"}]}<\/script>\n<!-- \/ Yoast SEO plugin. -->","yoast_head_json":{"title":"Intel retrasa las CPUs que luchar\u00e1n con AMD Zen 3, \u00a1hasta 2021! -","robots":{"index":"index","follow":"follow","max-snippet":"max-snippet:-1","max-image-preview":"max-image-preview:large","max-video-preview":"max-video-preview:-1"},"canonical":"https:\/\/goldenti.com\/site\/intel-retrasa-las-cpus-que-lucharan-con-amd-zen-3-hasta-2021\/","og_locale":"es_ES","og_type":"article","og_title":"Intel retrasa las CPUs que luchar\u00e1n con AMD Zen 3, \u00a1hasta 2021! -","og_description":"Las filtraciones han ido lanz\u00e1ndose en meses anteriores y como tal, muchos de los detalles de [&hellip;]","og_url":"https:\/\/goldenti.com\/site\/intel-retrasa-las-cpus-que-lucharan-con-amd-zen-3-hasta-2021\/","article_published_time":"2020-10-07T22:10:58+00:00","article_modified_time":"2020-10-07T22:11:01+00:00","og_image":[{"width":633,"height":331,"url":"https:\/\/goldenti.com\/site\/wp-content\/uploads\/2020\/10\/Captura-12.png","type":"image\/png"}],"twitter_card":"summary_large_image","twitter_misc":{"Escrito por":"","Tiempo de lectura":"3 minutos"},"schema":{"@context":"https:\/\/schema.org","@graph":[{"@type":"Article","@id":"https:\/\/goldenti.com\/site\/intel-retrasa-las-cpus-que-lucharan-con-amd-zen-3-hasta-2021\/#article","isPartOf":{"@id":"https:\/\/goldenti.com\/site\/intel-retrasa-las-cpus-que-lucharan-con-amd-zen-3-hasta-2021\/"},"author":{"name":"","@id":""},"headline":"Intel retrasa las CPUs que luchar\u00e1n con AMD Zen 3, \u00a1hasta 2021!","datePublished":"2020-10-07T22:10:58+00:00","dateModified":"2020-10-07T22:11:01+00:00","mainEntityOfPage":{"@id":"https:\/\/goldenti.com\/site\/intel-retrasa-las-cpus-que-lucharan-con-amd-zen-3-hasta-2021\/"},"wordCount":669,"image":{"@id":"https:\/\/goldenti.com\/site\/intel-retrasa-las-cpus-que-lucharan-con-amd-zen-3-hasta-2021\/#primaryimage"},"thumbnailUrl":"https:\/\/goldenti.com\/site\/wp-content\/uploads\/2020\/10\/Captura-12.png","inLanguage":"es"},{"@type":"WebPage","@id":"https:\/\/goldenti.com\/site\/intel-retrasa-las-cpus-que-lucharan-con-amd-zen-3-hasta-2021\/","url":"https:\/\/goldenti.com\/site\/intel-retrasa-las-cpus-que-lucharan-con-amd-zen-3-hasta-2021\/","name":"Intel retrasa las CPUs que luchar\u00e1n con AMD Zen 3, \u00a1hasta 2021! -","isPartOf":{"@id":"https:\/\/goldenti.com\/site\/#website"},"primaryImageOfPage":{"@id":"https:\/\/goldenti.com\/site\/intel-retrasa-las-cpus-que-lucharan-con-amd-zen-3-hasta-2021\/#primaryimage"},"image":{"@id":"https:\/\/goldenti.com\/site\/intel-retrasa-las-cpus-que-lucharan-con-amd-zen-3-hasta-2021\/#primaryimage"},"thumbnailUrl":"https:\/\/goldenti.com\/site\/wp-content\/uploads\/2020\/10\/Captura-12.png","datePublished":"2020-10-07T22:10:58+00:00","dateModified":"2020-10-07T22:11:01+00:00","author":{"@id":""},"breadcrumb":{"@id":"https:\/\/goldenti.com\/site\/intel-retrasa-las-cpus-que-lucharan-con-amd-zen-3-hasta-2021\/#breadcrumb"},"inLanguage":"es","potentialAction":[{"@type":"ReadAction","target":["https:\/\/goldenti.com\/site\/intel-retrasa-las-cpus-que-lucharan-con-amd-zen-3-hasta-2021\/"]}]},{"@type":"ImageObject","inLanguage":"es","@id":"https:\/\/goldenti.com\/site\/intel-retrasa-las-cpus-que-lucharan-con-amd-zen-3-hasta-2021\/#primaryimage","url":"https:\/\/goldenti.com\/site\/wp-content\/uploads\/2020\/10\/Captura-12.png","contentUrl":"https:\/\/goldenti.com\/site\/wp-content\/uploads\/2020\/10\/Captura-12.png","width":633,"height":331},{"@type":"BreadcrumbList","@id":"https:\/\/goldenti.com\/site\/intel-retrasa-las-cpus-que-lucharan-con-amd-zen-3-hasta-2021\/#breadcrumb","itemListElement":[{"@type":"ListItem","position":1,"name":"Portada","item":"https:\/\/goldenti.com\/site\/"},{"@type":"ListItem","position":2,"name":"Intel retrasa las CPUs que luchar\u00e1n con AMD Zen 3, \u00a1hasta 2021!"}]},{"@type":"WebSite","@id":"https:\/\/goldenti.com\/site\/#website","url":"https:\/\/goldenti.com\/site\/","name":"","description":"","potentialAction":[{"@type":"SearchAction","target":{"@type":"EntryPoint","urlTemplate":"https:\/\/goldenti.com\/site\/?s={search_term_string}"},"query-input":{"@type":"PropertyValueSpecification","valueRequired":true,"valueName":"search_term_string"}}],"inLanguage":"es"},{"@type":"Person","@id":"","url":"https:\/\/goldenti.com\/site\/author\/"}]}},"_links":{"self":[{"href":"https:\/\/goldenti.com\/site\/wp-json\/wp\/v2\/posts\/25193","targetHints":{"allow":["GET"]}}],"collection":[{"href":"https:\/\/goldenti.com\/site\/wp-json\/wp\/v2\/posts"}],"about":[{"href":"https:\/\/goldenti.com\/site\/wp-json\/wp\/v2\/types\/post"}],"author":[{"embeddable":true,"href":"https:\/\/goldenti.com\/site\/wp-json\/wp\/v2\/users\/13"}],"replies":[{"embeddable":true,"href":"https:\/\/goldenti.com\/site\/wp-json\/wp\/v2\/comments?post=25193"}],"version-history":[{"count":1,"href":"https:\/\/goldenti.com\/site\/wp-json\/wp\/v2\/posts\/25193\/revisions"}],"predecessor-version":[{"id":25195,"href":"https:\/\/goldenti.com\/site\/wp-json\/wp\/v2\/posts\/25193\/revisions\/25195"}],"wp:featuredmedia":[{"embeddable":true,"href":"https:\/\/goldenti.com\/site\/wp-json\/wp\/v2\/media\/25194"}],"wp:attachment":[{"href":"https:\/\/goldenti.com\/site\/wp-json\/wp\/v2\/media?parent=25193"}],"wp:term":[{"taxonomy":"category","embeddable":true,"href":"https:\/\/goldenti.com\/site\/wp-json\/wp\/v2\/categories?post=25193"},{"taxonomy":"post_tag","embeddable":true,"href":"https:\/\/goldenti.com\/site\/wp-json\/wp\/v2\/tags?post=25193"}],"curies":[{"name":"wp","href":"https:\/\/api.w.org\/{rel}","templated":true}]}}