{"id":28833,"date":"2021-05-11T08:52:21","date_gmt":"2021-05-11T14:52:21","guid":{"rendered":"https:\/\/goldenti.com\/site\/?p=28833"},"modified":"2021-05-11T08:52:24","modified_gmt":"2021-05-11T14:52:24","slug":"filtran-la-fecha-de-las-nuevas-cpu-gaming-de-intel-amd-en-problemas","status":"publish","type":"post","link":"https:\/\/goldenti.com\/site\/filtran-la-fecha-de-las-nuevas-cpu-gaming-de-intel-amd-en-problemas\/","title":{"rendered":"Filtran la fecha de las nuevas CPU gaming de Intel, \u00bfAMD en problemas?"},"content":{"rendered":"\n<figure class=\"wp-block-image\"><img decoding=\"async\" src=\"https:\/\/hardzone.es\/app\/uploads-hardzone.es\/2020\/05\/Intel-CPUs-Modulares.jpg\" alt=\"Intel CPU Portada\" \/><\/figure>\n\n\n\n<p>Desde la pasada presentaci\u00f3n en el CES en la que Intel confirmo la existencia de sus CPU de decimosegunda generaci\u00f3n que estamos expectantes a su salida. Pues bien, la primera CPU de escritorio bajo el nodo de 10 nm de Intel, la Alder Lake-S ya tiene fecha de lanzamiento, y ser\u00e1 mucho antes de lo que muchos se esperaban.<\/p>\n\n\n\n<p>Una de las cosas que nunca se ha de hacer es subestimar a Intel, tiene la capacidad para realizar retornos espectaculares y sus fracasos son m\u00e1s bien propios que m\u00e9ritos de sus rivales, y eso sin desmerecerlos, pero a Intel lo que es de Intel y su reciente mala racha ha sido m\u00e1s culpa de Intel que por los logros de AMD.<\/p>\n\n\n\n<h2 class=\"wp-block-heading\">Intel acelera el lanzamiento de su Gen 12<\/h2>\n\n\n\n<div class=\"wp-block-image\"><figure class=\"aligncenter\"><img decoding=\"async\" src=\"https:\/\/hardzone.es\/app\/uploads-hardzone.es\/2020\/12\/Intel-10nm-Core.jpg\" alt=\"Intel Core 10 nm\" class=\"wp-image-541060\" \/><\/figure><\/div>\n\n\n\n<p>La estrategia de Intel es muy clara, pillar por sorpresa a una AMD que en estos momentos se encuentra enfrascada en la parte final del desarrollo de sus CPU basadas en Zen 4. Por lo que Intel ha decidido poner su maquinar\u00eda al m\u00e1ximo para tener sus CPU Alder Lake-S para mucho antes de lo previsto.<\/p>\n\n\n\n<p>Aunque Rocket Lake-S es una excelente CPU, no es lo suficientemente buena para que Intel pueda arrasar a AMD y recuperarle cuota de mercado, en especial de cara al mercado entusiasta donde la leve superioridad de la CPU de AMD junto a unas peores especificaciones de consumo le dan ventaja a la CPU de AMD.<\/p>\n\n\n\n<p>Aunque no en todas las gamas, ya que hay franjas de precio donde Intel tiene mejores procesadores que AMD, como es el caso del Intel Core i5-11400F, el que es por ahora la mejor CPU por menos de 200 euros en el mercado. Pese a ello Intel no est\u00e1 satisfecha con Rocket Lake-S y es por ello que su sucesor saldr\u00e1 mucho antes de lo previsto al mercado.<\/p>\n\n\n\n<h3 class=\"wp-block-heading\">\u00bfFecha de lanzamiento de Alder Lake-S? Finales de a\u00f1o<\/h3>\n\n\n\n<div class=\"wp-block-image\"><figure class=\"aligncenter\"><img decoding=\"async\" src=\"https:\/\/hardzone.es\/app\/uploads-hardzone.es\/2021\/04\/Intel-Alder-Lake-S.jpg\" alt=\"Intel Alder Lake-S\" class=\"wp-image-595504\" \/><\/figure><\/div>\n\n\n\n<p>Intel no lo ha confirmado, pero los rumores acerca de Alder Lake-S siendo lanzado a finales de este a\u00f1o hac\u00eda tiempo que estaban retumbando en diversos mentideros y sitios de rumores de la red. La propia Intel hizo una declaraci\u00f3n de intenciones cuando presento un PC con un prototipo de Alder Lake-S en el CES.<\/p>\n\n\n\n<p><strong>Los \u00faltimos rumores afirman que la fecha de lanzamiento del Intel Alder Lake-S es en noviembre de 2021<\/strong>. La informaci\u00f3n provendr\u00eda de los fabricantes de disipadores para las CPU, los cuales han tenido que crear nuevos dise\u00f1os para la forma rectangular de estas CPUs, las cuales har\u00e1n uso del socket LGA1700 de la propia Intel.<\/p>\n\n\n\n<p>Por lo poco que sabemos de Alder Lake-S, se trata de una CPU pensada para la transici\u00f3n de la memoria DDR4 a la DDR5, integrando interfaces y controladores para ambos tipos de memoria, pero el uso de una u otra depender\u00e1 de la placa. Por el momento sabemos que las Z690 soportar\u00e1n DDR5, pero desconocemos que placas soportar\u00e1n cada tiempo de memoria.<\/p>\n\n\n\n<h3 class=\"wp-block-heading\">Dos generaciones compartiendo espacio en el mercado<\/h3>\n\n\n\n<div class=\"wp-block-image\"><figure class=\"aligncenter\"><img decoding=\"async\" src=\"https:\/\/hardzone.es\/app\/uploads-hardzone.es\/2021\/04\/Intel-Core-procesaodr-e1619533541829.jpg\" alt=\"Procesador Intel Core\" class=\"wp-image-602505\" \/><\/figure><\/div>\n\n\n\n<p>La fecha de lanzamiento de Alder Lake-S nos deja muy clara cu\u00e1l es la situaci\u00f3n. Dado que Rocket Lake-S no solo es la \u00faltima CPU bajo&nbsp;<a href=\"https:\/\/hardzone.es\/marcas\/intel\/comparativa-chipsets-intel-lga-1200\/\">LGA1200<\/a>&nbsp;sino tambi\u00e9n bajo el nodo de 14 nm e Intel est\u00e1 moviendo la producci\u00f3n por fin todas sus GPU a los&nbsp;<a href=\"https:\/\/hardzone.es\/tutoriales\/rendimiento\/intel-superfin-10-nm-transistores\/\">10 nm SuperFin.<\/a>&nbsp;Por lo que est\u00e1 claro que Rocket Lake-S no se encuentra en producci\u00f3n en estos momentos y en los siguientes meses vamos a ver una transici\u00f3n en lo que a CPUs y chipsets de Intel se refiere.<\/p>\n\n\n\n<p>No creemos que Alder Lake para port\u00e1tiles salga este a\u00f1o, pero nos preguntamos que ocurrir\u00e1 en el mercado de escritorio con la Gen 11 y la Gen 12 compartiendo espacio en el mercado. Lo m\u00e1s l\u00f3gico es pensar que Alder Lake-S no se lanzar\u00e1 en grandes cantidades al p\u00fablico, sino para el mercado m\u00e1s entusiasta.<\/p>\n\n\n\n<p>El motivo por el cual pensamos esto es porque el volumen de venta se encuentra en las CPUs para port\u00e1tiles, donde el Tiger Lake-H compite por las obleas por el Alder Lake-S. Adem\u00e1s Intel tiene que asegurarse que todo el stock de Rocket Lake-S tenga salida. Por lo que esperamos que Alder Lake-S cuando sea lanzado en noviembre lo haga como un producto para los m\u00e1s entusiastas.<\/p>\n\n\n\n<p><strong>Fuente:<\/strong> <a href=\"https:\/\/hardzone.es\/noticias\/procesadores\/alder-lake-s-fecha-lanzamiento\/\" target=\"_blank\" rel=\"noreferrer noopener\">https:\/\/hardzone.es\/noticias\/procesadores\/alder-lake-s-fecha-lanzamiento\/<\/a><\/p>\n","protected":false},"excerpt":{"rendered":"<p>Desde la pasada presentaci\u00f3n en el CES en la que Intel confirmo la existencia de sus [&hellip;]<\/p>\n","protected":false},"author":13,"featured_media":28834,"comment_status":"closed","ping_status":"closed","sticky":false,"template":"","format":"standard","meta":{"footnotes":""},"categories":[4],"tags":[],"class_list":["post-28833","post","type-post","status-publish","format-standard","has-post-thumbnail","hentry","category-noticas"],"yoast_head":"<!-- This site is optimized with the Yoast SEO plugin v27.1.1 - https:\/\/yoast.com\/product\/yoast-seo-wordpress\/ -->\n<title>Filtran la fecha de las nuevas CPU gaming de Intel, \u00bfAMD en problemas? -<\/title>\n<meta name=\"robots\" content=\"index, follow, max-snippet:-1, max-image-preview:large, max-video-preview:-1\" \/>\n<link rel=\"canonical\" href=\"https:\/\/goldenti.com\/site\/filtran-la-fecha-de-las-nuevas-cpu-gaming-de-intel-amd-en-problemas\/\" \/>\n<meta property=\"og:locale\" content=\"es_ES\" \/>\n<meta property=\"og:type\" content=\"article\" \/>\n<meta property=\"og:title\" content=\"Filtran la fecha de las nuevas CPU gaming de Intel, \u00bfAMD en problemas? -\" \/>\n<meta property=\"og:description\" content=\"Desde la pasada presentaci\u00f3n en el CES en la que Intel confirmo la existencia de sus [&hellip;]\" \/>\n<meta property=\"og:url\" content=\"https:\/\/goldenti.com\/site\/filtran-la-fecha-de-las-nuevas-cpu-gaming-de-intel-amd-en-problemas\/\" \/>\n<meta property=\"article:published_time\" content=\"2021-05-11T14:52:21+00:00\" \/>\n<meta property=\"article:modified_time\" content=\"2021-05-11T14:52:24+00:00\" \/>\n<meta property=\"og:image\" content=\"https:\/\/goldenti.com\/site\/wp-content\/uploads\/2021\/05\/Captura-21.png\" \/>\n\t<meta property=\"og:image:width\" content=\"840\" \/>\n\t<meta property=\"og:image:height\" content=\"441\" \/>\n\t<meta property=\"og:image:type\" content=\"image\/png\" \/>\n<meta name=\"twitter:card\" content=\"summary_large_image\" \/>\n<meta name=\"twitter:label1\" content=\"Escrito por\" \/>\n\t<meta name=\"twitter:data1\" content=\"\" \/>\n\t<meta name=\"twitter:label2\" content=\"Tiempo de lectura\" \/>\n\t<meta name=\"twitter:data2\" content=\"4 minutos\" \/>\n<script type=\"application\/ld+json\" class=\"yoast-schema-graph\">{\"@context\":\"https:\/\/schema.org\",\"@graph\":[{\"@type\":\"Article\",\"@id\":\"https:\/\/goldenti.com\/site\/filtran-la-fecha-de-las-nuevas-cpu-gaming-de-intel-amd-en-problemas\/#article\",\"isPartOf\":{\"@id\":\"https:\/\/goldenti.com\/site\/filtran-la-fecha-de-las-nuevas-cpu-gaming-de-intel-amd-en-problemas\/\"},\"author\":{\"name\":\"\",\"@id\":\"\"},\"headline\":\"Filtran la fecha de las nuevas CPU gaming de Intel, \u00bfAMD en problemas?\",\"datePublished\":\"2021-05-11T14:52:21+00:00\",\"dateModified\":\"2021-05-11T14:52:24+00:00\",\"mainEntityOfPage\":{\"@id\":\"https:\/\/goldenti.com\/site\/filtran-la-fecha-de-las-nuevas-cpu-gaming-de-intel-amd-en-problemas\/\"},\"wordCount\":756,\"image\":{\"@id\":\"https:\/\/goldenti.com\/site\/filtran-la-fecha-de-las-nuevas-cpu-gaming-de-intel-amd-en-problemas\/#primaryimage\"},\"thumbnailUrl\":\"https:\/\/goldenti.com\/site\/wp-content\/uploads\/2021\/05\/Captura-21.png\",\"articleSection\":[\"Noticas\"],\"inLanguage\":\"es\"},{\"@type\":\"WebPage\",\"@id\":\"https:\/\/goldenti.com\/site\/filtran-la-fecha-de-las-nuevas-cpu-gaming-de-intel-amd-en-problemas\/\",\"url\":\"https:\/\/goldenti.com\/site\/filtran-la-fecha-de-las-nuevas-cpu-gaming-de-intel-amd-en-problemas\/\",\"name\":\"Filtran la fecha de las nuevas CPU gaming de Intel, \u00bfAMD en problemas? -\",\"isPartOf\":{\"@id\":\"https:\/\/goldenti.com\/site\/#website\"},\"primaryImageOfPage\":{\"@id\":\"https:\/\/goldenti.com\/site\/filtran-la-fecha-de-las-nuevas-cpu-gaming-de-intel-amd-en-problemas\/#primaryimage\"},\"image\":{\"@id\":\"https:\/\/goldenti.com\/site\/filtran-la-fecha-de-las-nuevas-cpu-gaming-de-intel-amd-en-problemas\/#primaryimage\"},\"thumbnailUrl\":\"https:\/\/goldenti.com\/site\/wp-content\/uploads\/2021\/05\/Captura-21.png\",\"datePublished\":\"2021-05-11T14:52:21+00:00\",\"dateModified\":\"2021-05-11T14:52:24+00:00\",\"author\":{\"@id\":\"\"},\"breadcrumb\":{\"@id\":\"https:\/\/goldenti.com\/site\/filtran-la-fecha-de-las-nuevas-cpu-gaming-de-intel-amd-en-problemas\/#breadcrumb\"},\"inLanguage\":\"es\",\"potentialAction\":[{\"@type\":\"ReadAction\",\"target\":[\"https:\/\/goldenti.com\/site\/filtran-la-fecha-de-las-nuevas-cpu-gaming-de-intel-amd-en-problemas\/\"]}]},{\"@type\":\"ImageObject\",\"inLanguage\":\"es\",\"@id\":\"https:\/\/goldenti.com\/site\/filtran-la-fecha-de-las-nuevas-cpu-gaming-de-intel-amd-en-problemas\/#primaryimage\",\"url\":\"https:\/\/goldenti.com\/site\/wp-content\/uploads\/2021\/05\/Captura-21.png\",\"contentUrl\":\"https:\/\/goldenti.com\/site\/wp-content\/uploads\/2021\/05\/Captura-21.png\",\"width\":840,\"height\":441},{\"@type\":\"BreadcrumbList\",\"@id\":\"https:\/\/goldenti.com\/site\/filtran-la-fecha-de-las-nuevas-cpu-gaming-de-intel-amd-en-problemas\/#breadcrumb\",\"itemListElement\":[{\"@type\":\"ListItem\",\"position\":1,\"name\":\"Portada\",\"item\":\"https:\/\/goldenti.com\/site\/\"},{\"@type\":\"ListItem\",\"position\":2,\"name\":\"Filtran la fecha de las nuevas CPU gaming de Intel, \u00bfAMD en problemas?\"}]},{\"@type\":\"WebSite\",\"@id\":\"https:\/\/goldenti.com\/site\/#website\",\"url\":\"https:\/\/goldenti.com\/site\/\",\"name\":\"\",\"description\":\"\",\"potentialAction\":[{\"@type\":\"SearchAction\",\"target\":{\"@type\":\"EntryPoint\",\"urlTemplate\":\"https:\/\/goldenti.com\/site\/?s={search_term_string}\"},\"query-input\":{\"@type\":\"PropertyValueSpecification\",\"valueRequired\":true,\"valueName\":\"search_term_string\"}}],\"inLanguage\":\"es\"},{\"@type\":\"Person\",\"@id\":\"\",\"url\":\"https:\/\/goldenti.com\/site\/author\/\"}]}<\/script>\n<!-- \/ Yoast SEO plugin. -->","yoast_head_json":{"title":"Filtran la fecha de las nuevas CPU gaming de Intel, \u00bfAMD en problemas? -","robots":{"index":"index","follow":"follow","max-snippet":"max-snippet:-1","max-image-preview":"max-image-preview:large","max-video-preview":"max-video-preview:-1"},"canonical":"https:\/\/goldenti.com\/site\/filtran-la-fecha-de-las-nuevas-cpu-gaming-de-intel-amd-en-problemas\/","og_locale":"es_ES","og_type":"article","og_title":"Filtran la fecha de las nuevas CPU gaming de Intel, \u00bfAMD en problemas? -","og_description":"Desde la pasada presentaci\u00f3n en el CES en la que Intel confirmo la existencia de sus [&hellip;]","og_url":"https:\/\/goldenti.com\/site\/filtran-la-fecha-de-las-nuevas-cpu-gaming-de-intel-amd-en-problemas\/","article_published_time":"2021-05-11T14:52:21+00:00","article_modified_time":"2021-05-11T14:52:24+00:00","og_image":[{"width":840,"height":441,"url":"https:\/\/goldenti.com\/site\/wp-content\/uploads\/2021\/05\/Captura-21.png","type":"image\/png"}],"twitter_card":"summary_large_image","twitter_misc":{"Escrito por":"","Tiempo de lectura":"4 minutos"},"schema":{"@context":"https:\/\/schema.org","@graph":[{"@type":"Article","@id":"https:\/\/goldenti.com\/site\/filtran-la-fecha-de-las-nuevas-cpu-gaming-de-intel-amd-en-problemas\/#article","isPartOf":{"@id":"https:\/\/goldenti.com\/site\/filtran-la-fecha-de-las-nuevas-cpu-gaming-de-intel-amd-en-problemas\/"},"author":{"name":"","@id":""},"headline":"Filtran la fecha de las nuevas CPU gaming de Intel, \u00bfAMD en problemas?","datePublished":"2021-05-11T14:52:21+00:00","dateModified":"2021-05-11T14:52:24+00:00","mainEntityOfPage":{"@id":"https:\/\/goldenti.com\/site\/filtran-la-fecha-de-las-nuevas-cpu-gaming-de-intel-amd-en-problemas\/"},"wordCount":756,"image":{"@id":"https:\/\/goldenti.com\/site\/filtran-la-fecha-de-las-nuevas-cpu-gaming-de-intel-amd-en-problemas\/#primaryimage"},"thumbnailUrl":"https:\/\/goldenti.com\/site\/wp-content\/uploads\/2021\/05\/Captura-21.png","articleSection":["Noticas"],"inLanguage":"es"},{"@type":"WebPage","@id":"https:\/\/goldenti.com\/site\/filtran-la-fecha-de-las-nuevas-cpu-gaming-de-intel-amd-en-problemas\/","url":"https:\/\/goldenti.com\/site\/filtran-la-fecha-de-las-nuevas-cpu-gaming-de-intel-amd-en-problemas\/","name":"Filtran la fecha de las nuevas CPU gaming de Intel, \u00bfAMD en problemas? -","isPartOf":{"@id":"https:\/\/goldenti.com\/site\/#website"},"primaryImageOfPage":{"@id":"https:\/\/goldenti.com\/site\/filtran-la-fecha-de-las-nuevas-cpu-gaming-de-intel-amd-en-problemas\/#primaryimage"},"image":{"@id":"https:\/\/goldenti.com\/site\/filtran-la-fecha-de-las-nuevas-cpu-gaming-de-intel-amd-en-problemas\/#primaryimage"},"thumbnailUrl":"https:\/\/goldenti.com\/site\/wp-content\/uploads\/2021\/05\/Captura-21.png","datePublished":"2021-05-11T14:52:21+00:00","dateModified":"2021-05-11T14:52:24+00:00","author":{"@id":""},"breadcrumb":{"@id":"https:\/\/goldenti.com\/site\/filtran-la-fecha-de-las-nuevas-cpu-gaming-de-intel-amd-en-problemas\/#breadcrumb"},"inLanguage":"es","potentialAction":[{"@type":"ReadAction","target":["https:\/\/goldenti.com\/site\/filtran-la-fecha-de-las-nuevas-cpu-gaming-de-intel-amd-en-problemas\/"]}]},{"@type":"ImageObject","inLanguage":"es","@id":"https:\/\/goldenti.com\/site\/filtran-la-fecha-de-las-nuevas-cpu-gaming-de-intel-amd-en-problemas\/#primaryimage","url":"https:\/\/goldenti.com\/site\/wp-content\/uploads\/2021\/05\/Captura-21.png","contentUrl":"https:\/\/goldenti.com\/site\/wp-content\/uploads\/2021\/05\/Captura-21.png","width":840,"height":441},{"@type":"BreadcrumbList","@id":"https:\/\/goldenti.com\/site\/filtran-la-fecha-de-las-nuevas-cpu-gaming-de-intel-amd-en-problemas\/#breadcrumb","itemListElement":[{"@type":"ListItem","position":1,"name":"Portada","item":"https:\/\/goldenti.com\/site\/"},{"@type":"ListItem","position":2,"name":"Filtran la fecha de las nuevas CPU gaming de Intel, \u00bfAMD en problemas?"}]},{"@type":"WebSite","@id":"https:\/\/goldenti.com\/site\/#website","url":"https:\/\/goldenti.com\/site\/","name":"","description":"","potentialAction":[{"@type":"SearchAction","target":{"@type":"EntryPoint","urlTemplate":"https:\/\/goldenti.com\/site\/?s={search_term_string}"},"query-input":{"@type":"PropertyValueSpecification","valueRequired":true,"valueName":"search_term_string"}}],"inLanguage":"es"},{"@type":"Person","@id":"","url":"https:\/\/goldenti.com\/site\/author\/"}]}},"_links":{"self":[{"href":"https:\/\/goldenti.com\/site\/wp-json\/wp\/v2\/posts\/28833","targetHints":{"allow":["GET"]}}],"collection":[{"href":"https:\/\/goldenti.com\/site\/wp-json\/wp\/v2\/posts"}],"about":[{"href":"https:\/\/goldenti.com\/site\/wp-json\/wp\/v2\/types\/post"}],"author":[{"embeddable":true,"href":"https:\/\/goldenti.com\/site\/wp-json\/wp\/v2\/users\/13"}],"replies":[{"embeddable":true,"href":"https:\/\/goldenti.com\/site\/wp-json\/wp\/v2\/comments?post=28833"}],"version-history":[{"count":1,"href":"https:\/\/goldenti.com\/site\/wp-json\/wp\/v2\/posts\/28833\/revisions"}],"predecessor-version":[{"id":28835,"href":"https:\/\/goldenti.com\/site\/wp-json\/wp\/v2\/posts\/28833\/revisions\/28835"}],"wp:featuredmedia":[{"embeddable":true,"href":"https:\/\/goldenti.com\/site\/wp-json\/wp\/v2\/media\/28834"}],"wp:attachment":[{"href":"https:\/\/goldenti.com\/site\/wp-json\/wp\/v2\/media?parent=28833"}],"wp:term":[{"taxonomy":"category","embeddable":true,"href":"https:\/\/goldenti.com\/site\/wp-json\/wp\/v2\/categories?post=28833"},{"taxonomy":"post_tag","embeddable":true,"href":"https:\/\/goldenti.com\/site\/wp-json\/wp\/v2\/tags?post=28833"}],"curies":[{"name":"wp","href":"https:\/\/api.w.org\/{rel}","templated":true}]}}